{"id":7890,"date":"2020-11-12T17:36:11","date_gmt":"2020-11-12T20:36:11","guid":{"rendered":"https:\/\/www.projetopack.com.br\/?p=7890"},"modified":"2020-11-12T17:38:48","modified_gmt":"2020-11-12T20:38:48","slug":"raspas-e-restos-tambem-me-interessam-desafios-e-solucoes-para-a-adocao-do-modelo-circular","status":"publish","type":"post","link":"https:\/\/projetopack.com.br\/en\/raspas-e-restos-tambem-me-interessam-desafios-e-solucoes-para-a-adocao-do-modelo-circular\/","title":{"rendered":"Raspas e Restos Tamb\u00e9m Me Interessam: Desafios e Solu\u00e7\u00f5es para a Ado\u00e7\u00e3o do Modelo Circular"},"content":{"rendered":"\n<p>Eu tenho um exemplo vivo \u2013 e v\u00edvido na minha mem\u00f3ria \u2013 relacionado \u00e0 Economia Circular: na minha inf\u00e2ncia, eu costumava acompanhar meus pais nas idas ao supermercado do meu bairro. Mas, n\u00e3o era \u201cqualquer\u201d supermercado para aquela \u00e9poca: era \u201cO\u201d supermercado.<\/p>\n\n\n\n<p>No piso inferior, era onde se situava o setor tradicional dos supermercados, com produtos das categorias de Alimentos &amp; Bebidas e Higiene &amp; Beleza de \u201cprimeira linha\u201d, enquanto no piso superior, ficava a venda de discos, eletrodom\u00e9sticos e tinha at\u00e9 uma cafeteria.<\/p>\n\n\n\n<p>Logicamente, eu queria acompanhar meu pai na ida ao setor de discos, mas tinha uma miss\u00e3o igualmente importante a cumprir acompanhada da minha m\u00e3e: ir at\u00e9 o guich\u00ea de retorno de vasilhames levar as garrafas vazias de refrigerante para trocar por um \u201cvale\u201d para pegar uma&nbsp; garrafa nova, e, portada com as tampinhas que juntei, trocar pelo meu brinde: uma cole\u00e7\u00e3o em miniatura daquele refrigerante.<\/p>\n\n\n\n<p>Recordo quando deixei cair uma garrafa vazia no ch\u00e3o, e que se quebrou: meu cora\u00e7\u00e3o disparou, fiquei desesperada, porque pensei \u201ccomo vou fazer o refrigerante chegar em casa agora?\u201d. Na minha vis\u00e3o &#8211; restrita aquele universo -, sem o retorno da garrafa ao posto de troca, eu n\u00e3o tinha a permiss\u00e3o de entrar na loja e sair com o refrigerante nas m\u00e3os. Hoje, olhando para tr\u00e1s, penso: como ser\u00e1 que nos perdemos disso, desse sentimento de responsabilidade pelo que consumimos?<\/p>\n\n\n\n<p>J\u00e1 durante a minha adolesc\u00eancia, experienciei outros acontecimentos: o saquinho de leite passou para garrafa pl\u00e1stica, e ent\u00e3o para a caixa longa vida que conhecemos hoje; a garrafa de vidro do refrigerante passou para o PET; houve a introdu\u00e7\u00e3o da coleta seletiva de lixo e de frotas de \u00f4nibus urbanos movidos a g\u00e1s natural. Quando eu iniciei a minha jornada como estudante universit\u00e1ria, o termo \u201csustentabilidade\u201d j\u00e1 era conhecido, mas ainda conectado a \u201c(re)plantar \u00e1rvores\u201d.<\/p>\n\n\n\n<p>Somente quando eu ingressei no setor privado, em 2001, foi ent\u00e3o que eu vi \u201csustentabilidade\u201d ser parte da estrat\u00e9gia das empresas.<\/p>\n\n\n\n<p>Tive o privil\u00e9gio de ter servido companhias que realmente tratavam com seriedade esse tema: na Unilever, busc\u00e1vamos alternativas a ingredientes petroqu\u00edmicos, como fazer um uso mais racional dos insumos, e redu\u00e7\u00e3o da pegada de carbono; na Ecolab, trabalh\u00e1vamos somente com produtos concentrados (ou seja, n\u00e3o estoc\u00e1vamos \u201c\u00e1gua\u201d em produtos), utilizando sistema de refil, e promovendo a log\u00edstica reversa das embalagens; na Reckitt Benckiser, n\u00e3o pod\u00edamos lan\u00e7ar produtos que acrescentassem pegada de carbono ao portf\u00f3lio j\u00e1 existente, e \u00e9ramos incentivados a buscar solu\u00e7\u00f5es para mitigar essa pegada deixada anteriormente; na PepsiCo, vi tudo isso ser aplicado, especialmente a busca incessante pela redu\u00e7\u00e3o no uso de recursos naturais e energ\u00e9ticos na sua opera\u00e7\u00e3o; e na Nestl\u00e9, acompanhei isso ser estendido ao seus parceiros produtores.<\/p>\n\n\n\n<p>Entretanto, o conceito de Economia Circular foi algo ao qual fui exposta somente a partir do meu ingresso na PepsiCo, atrav\u00e9s de um de seus parceiros: a TerraCycle. Seu fundador, Tom Szaky, trouxe atrav\u00e9s da empresa uma miss\u00e3o \u2013 que deve ser a miss\u00e3o de todos n\u00f3s: eliminar a ideia de lixo [1].<\/p>\n\n\n\n<p><\/p>\n\n\n\n<p class=\"has-background has-very-light-gray-background-color\">Este artigo faz parte da Edi\u00e7\u00e3o 81 ( Setembro\/Outubro 2020\u200b\u200b) da ProjetoPack em Revista.\u200b\u200b\u200b\u200b\u200b\u200b\u200b                                                                         <em style=\"font-weight: bold;\">Para ter acesso ao conte\u00fado na \u00edntegra, assine a ProjetoPack em Revista atrav\u00e9s do app dispon\u00edvel na Apple Store e Play Store<\/em> <strong><em>ou atrav\u00e9s do email revista@projetopack.com<\/em><\/strong><\/p>\n\n\n\n<p><strong>Refer\u00eancias Bibliogr\u00e1ficas<\/strong><\/p>\n\n\n\n<p><strong>[1]<\/strong> https:\/\/www.terracycle.com\/pt-BR\/about-terracycle\/history, visitado em Set-2020.<\/p>\n\n\n\n<p><strong>[2]<\/strong> Kotz, J. &amp; Treichel, P.: \u201cChemistry &amp; Chemical Reactivity\u201d; 4th ed.; Saunders College Publishing; Orlando (1999).<\/p>\n\n\n\n<p><strong>[3]<\/strong> https:\/\/consorciolambari.sc.gov.br\/andre-trigueiro-trabalha-a-questao-do-lixo-como-desafio-mundial\/, visitado em Set-2020.<\/p>\n\n\n\n<p><strong>[4]<\/strong> Szaky, T.: \u201cThe Future of Packaging: From Linear to Circular\u201d; Berrett-Koehler Publishers; Oakland (2019).<\/p>\n\n\n\n<p><strong>[5]<\/strong> https:\/\/tipa-corp.com\/application\/stand-up-pouch\/, visitado em Set-2020.<\/p>\n\n\n\n<p><strong>[6]<\/strong> Baer, A.: \u201cMercado de embalagens mono material pode chegar a USD 71 bi at\u00e9 2025\u201d; Newsletter Infopack 2020, publicado em 17-Set-2020 na rede social LinkedIN.<\/p>\n\n\n\n<p><strong>[7]<\/strong> https:\/\/petrel.fr\/en\/, visitado em Set-2020.<\/p>\n\n\n\n<p><strong>[8]<\/strong> http:\/\/www.abepro.org.br\/biblioteca\/ENEGEP2002_TR104_0195.pdf, visitado em Set-2020.<\/p>\n\n\n\n<p><strong>[9]<\/strong> https:\/\/www.lilianpacce.com.br\/e-mais\/reciclese\/stella-mccartney-investe-em-reciclagem-de-plastico-oceano\/, visitado em Set-2020.<\/p>\n\n\n\n<p><strong>[10]<\/strong> https:\/\/revistapegn.globo.com\/Banco-de-ideias\/Moda\/noticia\/2018\/11\/marca-cria-roupas-e-sapatos-com-plastico-retirado-dos-oceanos.html, visitado em Set-2020.<\/p>\n\n\n\n<p><strong>[11]<\/strong> https:\/\/blogdescalada.com\/economia-circular-e-plasticos\/, visitado em Set-2020.<\/p>\n\n\n\n<p><strong>[12]<\/strong> https:\/\/www.abras.com.br\/clipping.php?area=30&amp;clipping=15101, visitado em Set-2020.<\/p>\n\n\n\n<p>\u200b\u200b<\/p>\n\n\n\n<p>\u200b\u200b<strong>FONTE:<\/strong><\/p>\n\n\n\n<p class=\"has-background has-very-light-gray-background-color\">Leila Malta &#8211; linno.bureau@gmail.com<\/p>\n","protected":false},"excerpt":{"rendered":"<p>Eu tenho um exemplo vivo \u2013 e v\u00edvido na minha mem\u00f3ria \u2013 relacionado \u00e0 Economia Circular: na minha inf\u00e2ncia, eu costumava acompanhar meus pais nas idas ao supermercado do meu bairro. Mas, n\u00e3o era \u201cqualquer\u201d supermercado para aquela \u00e9poca: era \u201cO\u201d supermercado.<\/p>","protected":false},"author":18,"featured_media":7892,"comment_status":"open","ping_status":"closed","sticky":false,"template":"","format":"standard","meta":{"footnotes":""},"categories":[344],"tags":[552,399],"class_list":["post-7890","post","type-post","status-publish","format-standard","has-post-thumbnail","hentry","category-opiniao","tag-economia-circular","tag-projetopackemrevista"],"yoast_head":"<!-- This site is optimized with the Yoast SEO Premium plugin v27.1 (Yoast SEO v27.1.1) - https:\/\/yoast.com\/product\/yoast-seo-premium-wordpress\/ -->\n<title>Raspas e Restos Tamb\u00e9m Me Interessam: Desafios e Solu\u00e7\u00f5es para a Ado\u00e7\u00e3o do Modelo Circular - ProjetoPack<\/title>\n<meta name=\"description\" content=\"Confira o melhor conte\u00fado sobre tecnologia, design e gest\u00e3o de embalagens flex\u00edveis, r\u00f3tulos e impress\u00e3o.\" \/>\n<meta name=\"robots\" content=\"index, follow, max-snippet:-1, max-image-preview:large, max-video-preview:-1\" \/>\n<link rel=\"canonical\" href=\"https:\/\/projetopack.com.br\/en\/raspas-e-restos-tambem-me-interessam-desafios-e-solucoes-para-a-adocao-do-modelo-circular\/\" \/>\n<meta property=\"og:locale\" content=\"en_US\" \/>\n<meta property=\"og:type\" content=\"article\" \/>\n<meta property=\"og:title\" content=\"Raspas e Restos Tamb\u00e9m Me Interessam: Desafios e Solu\u00e7\u00f5es para a Ado\u00e7\u00e3o do Modelo Circular\" \/>\n<meta property=\"og:description\" content=\"Confira o melhor conte\u00fado sobre tecnologia, design e gest\u00e3o de embalagens flex\u00edveis, r\u00f3tulos e impress\u00e3o.\" \/>\n<meta property=\"og:url\" content=\"https:\/\/projetopack.com.br\/en\/raspas-e-restos-tambem-me-interessam-desafios-e-solucoes-para-a-adocao-do-modelo-circular\/\" \/>\n<meta property=\"og:site_name\" content=\"ProjetoPack\" \/>\n<meta property=\"article:published_time\" content=\"2020-11-12T20:36:11+00:00\" \/>\n<meta property=\"article:modified_time\" content=\"2020-11-12T20:38:48+00:00\" \/>\n<meta property=\"og:image\" content=\"https:\/\/projetopack.com.br\/wp-content\/uploads\/2020\/11\/reciclagem-300x257-1.jpg\" \/>\n\t<meta property=\"og:image:width\" content=\"300\" \/>\n\t<meta property=\"og:image:height\" content=\"257\" \/>\n\t<meta property=\"og:image:type\" content=\"image\/jpeg\" \/>\n<meta name=\"author\" content=\"Andrea\" \/>\n<meta name=\"twitter:card\" content=\"summary_large_image\" \/>\n<meta name=\"twitter:creator\" content=\"@ProjetoPack\" \/>\n<meta name=\"twitter:site\" content=\"@ProjetoPack\" \/>\n<meta name=\"twitter:label1\" content=\"Written by\" \/>\n\t<meta name=\"twitter:data1\" content=\"Andrea\" \/>\n\t<meta name=\"twitter:label2\" content=\"Est. reading time\" \/>\n\t<meta name=\"twitter:data2\" content=\"4 minutes\" \/>\n<script type=\"application\/ld+json\" class=\"yoast-schema-graph\">{\"@context\":\"https:\/\/schema.org\",\"@graph\":[{\"@type\":\"Article\",\"@id\":\"https:\/\/projetopack.com.br\/en\/raspas-e-restos-tambem-me-interessam-desafios-e-solucoes-para-a-adocao-do-modelo-circular\/#article\",\"isPartOf\":{\"@id\":\"https:\/\/projetopack.com.br\/en\/raspas-e-restos-tambem-me-interessam-desafios-e-solucoes-para-a-adocao-do-modelo-circular\/\"},\"author\":{\"name\":\"Andrea\",\"@id\":\"https:\/\/projetopack.com.br\/#\/schema\/person\/d17c72a4bc2b7e461496dd8a14d4cef1\"},\"headline\":\"Raspas e Restos Tamb\u00e9m Me Interessam: Desafios e Solu\u00e7\u00f5es para a Ado\u00e7\u00e3o do Modelo Circular\",\"datePublished\":\"2020-11-12T20:36:11+00:00\",\"dateModified\":\"2020-11-12T20:38:48+00:00\",\"mainEntityOfPage\":{\"@id\":\"https:\/\/projetopack.com.br\/en\/raspas-e-restos-tambem-me-interessam-desafios-e-solucoes-para-a-adocao-do-modelo-circular\/\"},\"wordCount\":755,\"commentCount\":0,\"publisher\":{\"@id\":\"https:\/\/projetopack.com.br\/#organization\"},\"image\":{\"@id\":\"https:\/\/projetopack.com.br\/en\/raspas-e-restos-tambem-me-interessam-desafios-e-solucoes-para-a-adocao-do-modelo-circular\/#primaryimage\"},\"thumbnailUrl\":\"https:\/\/projetopack.com.br\/wp-content\/uploads\/2020\/11\/reciclagem-300x257-1.jpg\",\"keywords\":[\"economia circular\",\"projetopackemrevista\"],\"articleSection\":[\"Opini\u00e3o\"],\"inLanguage\":\"en-US\",\"potentialAction\":[{\"@type\":\"CommentAction\",\"name\":\"Comment\",\"target\":[\"https:\/\/projetopack.com.br\/en\/raspas-e-restos-tambem-me-interessam-desafios-e-solucoes-para-a-adocao-do-modelo-circular\/#respond\"]}]},{\"@type\":\"WebPage\",\"@id\":\"https:\/\/projetopack.com.br\/en\/raspas-e-restos-tambem-me-interessam-desafios-e-solucoes-para-a-adocao-do-modelo-circular\/\",\"url\":\"https:\/\/projetopack.com.br\/en\/raspas-e-restos-tambem-me-interessam-desafios-e-solucoes-para-a-adocao-do-modelo-circular\/\",\"name\":\"Raspas e Restos Tamb\u00e9m Me Interessam: Desafios e Solu\u00e7\u00f5es para a Ado\u00e7\u00e3o do Modelo Circular - ProjetoPack\",\"isPartOf\":{\"@id\":\"https:\/\/projetopack.com.br\/#website\"},\"primaryImageOfPage\":{\"@id\":\"https:\/\/projetopack.com.br\/en\/raspas-e-restos-tambem-me-interessam-desafios-e-solucoes-para-a-adocao-do-modelo-circular\/#primaryimage\"},\"image\":{\"@id\":\"https:\/\/projetopack.com.br\/en\/raspas-e-restos-tambem-me-interessam-desafios-e-solucoes-para-a-adocao-do-modelo-circular\/#primaryimage\"},\"thumbnailUrl\":\"https:\/\/projetopack.com.br\/wp-content\/uploads\/2020\/11\/reciclagem-300x257-1.jpg\",\"datePublished\":\"2020-11-12T20:36:11+00:00\",\"dateModified\":\"2020-11-12T20:38:48+00:00\",\"description\":\"Confira o melhor conte\u00fado sobre tecnologia, design e gest\u00e3o de embalagens flex\u00edveis, r\u00f3tulos e impress\u00e3o.\",\"breadcrumb\":{\"@id\":\"https:\/\/projetopack.com.br\/en\/raspas-e-restos-tambem-me-interessam-desafios-e-solucoes-para-a-adocao-do-modelo-circular\/#breadcrumb\"},\"inLanguage\":\"en-US\",\"potentialAction\":[{\"@type\":\"ReadAction\",\"target\":[\"https:\/\/projetopack.com.br\/en\/raspas-e-restos-tambem-me-interessam-desafios-e-solucoes-para-a-adocao-do-modelo-circular\/\"]}]},{\"@type\":\"ImageObject\",\"inLanguage\":\"en-US\",\"@id\":\"https:\/\/projetopack.com.br\/en\/raspas-e-restos-tambem-me-interessam-desafios-e-solucoes-para-a-adocao-do-modelo-circular\/#primaryimage\",\"url\":\"https:\/\/projetopack.com.br\/wp-content\/uploads\/2020\/11\/reciclagem-300x257-1.jpg\",\"contentUrl\":\"https:\/\/projetopack.com.br\/wp-content\/uploads\/2020\/11\/reciclagem-300x257-1.jpg\",\"width\":300,\"height\":257},{\"@type\":\"BreadcrumbList\",\"@id\":\"https:\/\/projetopack.com.br\/en\/raspas-e-restos-tambem-me-interessam-desafios-e-solucoes-para-a-adocao-do-modelo-circular\/#breadcrumb\",\"itemListElement\":[{\"@type\":\"ListItem\",\"position\":1,\"name\":\"P\u00e1gina Inicial\",\"item\":\"https:\/\/projetopack.com.br\/\"},{\"@type\":\"ListItem\",\"position\":2,\"name\":\"Opini\u00e3o\",\"item\":\"https:\/\/projetopack.com.br\/en\/category\/opiniao\/\"},{\"@type\":\"ListItem\",\"position\":3,\"name\":\"Raspas e Restos Tamb\u00e9m Me Interessam: Desafios e Solu\u00e7\u00f5es para a Ado\u00e7\u00e3o do Modelo Circular\"}]},{\"@type\":\"WebSite\",\"@id\":\"https:\/\/projetopack.com.br\/#website\",\"url\":\"https:\/\/projetopack.com.br\/\",\"name\":\"ProjetoPack\",\"description\":\"Consultoria e servi\u00e7os para embalagens, r\u00f3tulos, etiquetas e processos de impress\u00e3o\",\"publisher\":{\"@id\":\"https:\/\/projetopack.com.br\/#organization\"},\"potentialAction\":[{\"@type\":\"SearchAction\",\"target\":{\"@type\":\"EntryPoint\",\"urlTemplate\":\"https:\/\/projetopack.com.br\/?s={search_term_string}\"},\"query-input\":{\"@type\":\"PropertyValueSpecification\",\"valueRequired\":true,\"valueName\":\"search_term_string\"}}],\"inLanguage\":\"en-US\"},{\"@type\":\"Organization\",\"@id\":\"https:\/\/projetopack.com.br\/#organization\",\"name\":\"ProjetoPack & Associados\",\"url\":\"https:\/\/projetopack.com.br\/\",\"logo\":{\"@type\":\"ImageObject\",\"inLanguage\":\"en-US\",\"@id\":\"https:\/\/projetopack.com.br\/#\/schema\/logo\/image\/\",\"url\":\"https:\/\/projetopack.com.br\/wp-content\/uploads\/2020\/09\/projetopack.png\",\"contentUrl\":\"https:\/\/projetopack.com.br\/wp-content\/uploads\/2020\/09\/projetopack.png\",\"width\":200,\"height\":200,\"caption\":\"ProjetoPack & Associados\"},\"image\":{\"@id\":\"https:\/\/projetopack.com.br\/#\/schema\/logo\/image\/\"},\"sameAs\":[\"https:\/\/x.com\/ProjetoPack\",\"https:\/\/www.linkedin.com\/company\/projetopack\/\"]},{\"@type\":\"Person\",\"@id\":\"https:\/\/projetopack.com.br\/#\/schema\/person\/d17c72a4bc2b7e461496dd8a14d4cef1\",\"name\":\"Andrea\",\"image\":{\"@type\":\"ImageObject\",\"inLanguage\":\"en-US\",\"@id\":\"https:\/\/projetopack.com.br\/#\/schema\/person\/image\/\",\"url\":\"https:\/\/projetopack.com.br\/wp-content\/uploads\/2026\/03\/eu-150x150.jpg\",\"contentUrl\":\"https:\/\/projetopack.com.br\/wp-content\/uploads\/2026\/03\/eu-150x150.jpg\",\"caption\":\"Andrea\"},\"url\":\"https:\/\/projetopack.com.br\/en\/author\/andrea\/\"}]}<\/script>\n<!-- \/ Yoast SEO Premium plugin. -->","yoast_head_json":{"title":"Raspas e Restos Tamb\u00e9m Me Interessam: Desafios e Solu\u00e7\u00f5es para a Ado\u00e7\u00e3o do Modelo Circular - ProjetoPack","description":"Confira o melhor conte\u00fado sobre tecnologia, design e gest\u00e3o de embalagens flex\u00edveis, r\u00f3tulos e impress\u00e3o.","robots":{"index":"index","follow":"follow","max-snippet":"max-snippet:-1","max-image-preview":"max-image-preview:large","max-video-preview":"max-video-preview:-1"},"canonical":"https:\/\/projetopack.com.br\/en\/raspas-e-restos-tambem-me-interessam-desafios-e-solucoes-para-a-adocao-do-modelo-circular\/","og_locale":"en_US","og_type":"article","og_title":"Raspas e Restos Tamb\u00e9m Me Interessam: Desafios e Solu\u00e7\u00f5es para a Ado\u00e7\u00e3o do Modelo Circular","og_description":"Confira o melhor conte\u00fado sobre tecnologia, design e gest\u00e3o de embalagens flex\u00edveis, r\u00f3tulos e impress\u00e3o.","og_url":"https:\/\/projetopack.com.br\/en\/raspas-e-restos-tambem-me-interessam-desafios-e-solucoes-para-a-adocao-do-modelo-circular\/","og_site_name":"ProjetoPack","article_published_time":"2020-11-12T20:36:11+00:00","article_modified_time":"2020-11-12T20:38:48+00:00","og_image":[{"width":300,"height":257,"url":"https:\/\/projetopack.com.br\/wp-content\/uploads\/2020\/11\/reciclagem-300x257-1.jpg","type":"image\/jpeg"}],"author":"Andrea","twitter_card":"summary_large_image","twitter_creator":"@ProjetoPack","twitter_site":"@ProjetoPack","twitter_misc":{"Written by":"Andrea","Est. reading time":"4 minutes"},"schema":{"@context":"https:\/\/schema.org","@graph":[{"@type":"Article","@id":"https:\/\/projetopack.com.br\/en\/raspas-e-restos-tambem-me-interessam-desafios-e-solucoes-para-a-adocao-do-modelo-circular\/#article","isPartOf":{"@id":"https:\/\/projetopack.com.br\/en\/raspas-e-restos-tambem-me-interessam-desafios-e-solucoes-para-a-adocao-do-modelo-circular\/"},"author":{"name":"Andrea","@id":"https:\/\/projetopack.com.br\/#\/schema\/person\/d17c72a4bc2b7e461496dd8a14d4cef1"},"headline":"Raspas e Restos Tamb\u00e9m Me Interessam: Desafios e Solu\u00e7\u00f5es para a Ado\u00e7\u00e3o do Modelo Circular","datePublished":"2020-11-12T20:36:11+00:00","dateModified":"2020-11-12T20:38:48+00:00","mainEntityOfPage":{"@id":"https:\/\/projetopack.com.br\/en\/raspas-e-restos-tambem-me-interessam-desafios-e-solucoes-para-a-adocao-do-modelo-circular\/"},"wordCount":755,"commentCount":0,"publisher":{"@id":"https:\/\/projetopack.com.br\/#organization"},"image":{"@id":"https:\/\/projetopack.com.br\/en\/raspas-e-restos-tambem-me-interessam-desafios-e-solucoes-para-a-adocao-do-modelo-circular\/#primaryimage"},"thumbnailUrl":"https:\/\/projetopack.com.br\/wp-content\/uploads\/2020\/11\/reciclagem-300x257-1.jpg","keywords":["economia circular","projetopackemrevista"],"articleSection":["Opini\u00e3o"],"inLanguage":"en-US","potentialAction":[{"@type":"CommentAction","name":"Comment","target":["https:\/\/projetopack.com.br\/en\/raspas-e-restos-tambem-me-interessam-desafios-e-solucoes-para-a-adocao-do-modelo-circular\/#respond"]}]},{"@type":"WebPage","@id":"https:\/\/projetopack.com.br\/en\/raspas-e-restos-tambem-me-interessam-desafios-e-solucoes-para-a-adocao-do-modelo-circular\/","url":"https:\/\/projetopack.com.br\/en\/raspas-e-restos-tambem-me-interessam-desafios-e-solucoes-para-a-adocao-do-modelo-circular\/","name":"Raspas e Restos Tamb\u00e9m Me Interessam: Desafios e Solu\u00e7\u00f5es para a Ado\u00e7\u00e3o do Modelo Circular - ProjetoPack","isPartOf":{"@id":"https:\/\/projetopack.com.br\/#website"},"primaryImageOfPage":{"@id":"https:\/\/projetopack.com.br\/en\/raspas-e-restos-tambem-me-interessam-desafios-e-solucoes-para-a-adocao-do-modelo-circular\/#primaryimage"},"image":{"@id":"https:\/\/projetopack.com.br\/en\/raspas-e-restos-tambem-me-interessam-desafios-e-solucoes-para-a-adocao-do-modelo-circular\/#primaryimage"},"thumbnailUrl":"https:\/\/projetopack.com.br\/wp-content\/uploads\/2020\/11\/reciclagem-300x257-1.jpg","datePublished":"2020-11-12T20:36:11+00:00","dateModified":"2020-11-12T20:38:48+00:00","description":"Confira o melhor conte\u00fado sobre tecnologia, design e gest\u00e3o de embalagens flex\u00edveis, r\u00f3tulos e impress\u00e3o.","breadcrumb":{"@id":"https:\/\/projetopack.com.br\/en\/raspas-e-restos-tambem-me-interessam-desafios-e-solucoes-para-a-adocao-do-modelo-circular\/#breadcrumb"},"inLanguage":"en-US","potentialAction":[{"@type":"ReadAction","target":["https:\/\/projetopack.com.br\/en\/raspas-e-restos-tambem-me-interessam-desafios-e-solucoes-para-a-adocao-do-modelo-circular\/"]}]},{"@type":"ImageObject","inLanguage":"en-US","@id":"https:\/\/projetopack.com.br\/en\/raspas-e-restos-tambem-me-interessam-desafios-e-solucoes-para-a-adocao-do-modelo-circular\/#primaryimage","url":"https:\/\/projetopack.com.br\/wp-content\/uploads\/2020\/11\/reciclagem-300x257-1.jpg","contentUrl":"https:\/\/projetopack.com.br\/wp-content\/uploads\/2020\/11\/reciclagem-300x257-1.jpg","width":300,"height":257},{"@type":"BreadcrumbList","@id":"https:\/\/projetopack.com.br\/en\/raspas-e-restos-tambem-me-interessam-desafios-e-solucoes-para-a-adocao-do-modelo-circular\/#breadcrumb","itemListElement":[{"@type":"ListItem","position":1,"name":"P\u00e1gina Inicial","item":"https:\/\/projetopack.com.br\/"},{"@type":"ListItem","position":2,"name":"Opini\u00e3o","item":"https:\/\/projetopack.com.br\/en\/category\/opiniao\/"},{"@type":"ListItem","position":3,"name":"Raspas e Restos Tamb\u00e9m Me Interessam: Desafios e Solu\u00e7\u00f5es para a Ado\u00e7\u00e3o do Modelo Circular"}]},{"@type":"WebSite","@id":"https:\/\/projetopack.com.br\/#website","url":"https:\/\/projetopack.com.br\/","name":"ProjetoPack","description":"Consultoria e servi\u00e7os para embalagens, r\u00f3tulos, etiquetas e processos de impress\u00e3o","publisher":{"@id":"https:\/\/projetopack.com.br\/#organization"},"potentialAction":[{"@type":"SearchAction","target":{"@type":"EntryPoint","urlTemplate":"https:\/\/projetopack.com.br\/?s={search_term_string}"},"query-input":{"@type":"PropertyValueSpecification","valueRequired":true,"valueName":"search_term_string"}}],"inLanguage":"en-US"},{"@type":"Organization","@id":"https:\/\/projetopack.com.br\/#organization","name":"ProjetoPack & Associados","url":"https:\/\/projetopack.com.br\/","logo":{"@type":"ImageObject","inLanguage":"en-US","@id":"https:\/\/projetopack.com.br\/#\/schema\/logo\/image\/","url":"https:\/\/projetopack.com.br\/wp-content\/uploads\/2020\/09\/projetopack.png","contentUrl":"https:\/\/projetopack.com.br\/wp-content\/uploads\/2020\/09\/projetopack.png","width":200,"height":200,"caption":"ProjetoPack & Associados"},"image":{"@id":"https:\/\/projetopack.com.br\/#\/schema\/logo\/image\/"},"sameAs":["https:\/\/x.com\/ProjetoPack","https:\/\/www.linkedin.com\/company\/projetopack\/"]},{"@type":"Person","@id":"https:\/\/projetopack.com.br\/#\/schema\/person\/d17c72a4bc2b7e461496dd8a14d4cef1","name":"Andrea","image":{"@type":"ImageObject","inLanguage":"en-US","@id":"https:\/\/projetopack.com.br\/#\/schema\/person\/image\/","url":"https:\/\/projetopack.com.br\/wp-content\/uploads\/2026\/03\/eu-150x150.jpg","contentUrl":"https:\/\/projetopack.com.br\/wp-content\/uploads\/2026\/03\/eu-150x150.jpg","caption":"Andrea"},"url":"https:\/\/projetopack.com.br\/en\/author\/andrea\/"}]}},"_links":{"self":[{"href":"https:\/\/projetopack.com.br\/en\/wp-json\/wp\/v2\/posts\/7890","targetHints":{"allow":["GET"]}}],"collection":[{"href":"https:\/\/projetopack.com.br\/en\/wp-json\/wp\/v2\/posts"}],"about":[{"href":"https:\/\/projetopack.com.br\/en\/wp-json\/wp\/v2\/types\/post"}],"author":[{"embeddable":true,"href":"https:\/\/projetopack.com.br\/en\/wp-json\/wp\/v2\/users\/18"}],"replies":[{"embeddable":true,"href":"https:\/\/projetopack.com.br\/en\/wp-json\/wp\/v2\/comments?post=7890"}],"version-history":[{"count":0,"href":"https:\/\/projetopack.com.br\/en\/wp-json\/wp\/v2\/posts\/7890\/revisions"}],"wp:featuredmedia":[{"embeddable":true,"href":"https:\/\/projetopack.com.br\/en\/wp-json\/wp\/v2\/media\/7892"}],"wp:attachment":[{"href":"https:\/\/projetopack.com.br\/en\/wp-json\/wp\/v2\/media?parent=7890"}],"wp:term":[{"taxonomy":"category","embeddable":true,"href":"https:\/\/projetopack.com.br\/en\/wp-json\/wp\/v2\/categories?post=7890"},{"taxonomy":"post_tag","embeddable":true,"href":"https:\/\/projetopack.com.br\/en\/wp-json\/wp\/v2\/tags?post=7890"}],"curies":[{"name":"wp","href":"https:\/\/api.w.org\/{rel}","templated":true}]}}