{"id":8185,"date":"2020-12-15T13:56:26","date_gmt":"2020-12-15T16:56:26","guid":{"rendered":"https:\/\/www.projetopack.com.br\/?p=8185"},"modified":"2020-12-15T13:58:22","modified_gmt":"2020-12-15T16:58:22","slug":"flexo-labels-2021","status":"publish","type":"post","link":"https:\/\/projetopack.com.br\/en\/flexo-labels-2021\/","title":{"rendered":"Flexo &#038; Labels 2021 t\u00eam sua data alterada"},"content":{"rendered":"<p class=\"has-text-align-center has-medium-font-size\"><strong>COMUNICADO <\/strong><\/p>\n\n\n\n<p class=\"has-text-align-center has-medium-font-size\"><strong>FLEXO &amp; LABELS 2021 MUDA SUA DATA PARA 31 DE MAIO A 03 DE JUNHO<\/strong><\/p>\n\n\n\n<p>Reunindo esfor\u00e7os para realizar um evento mais seguro para todos &#8211; expositores, organizadores e visitantes &#8211; a Inmotion anuncia a mudan\u00e7a de data da <strong>Flexo &amp; Labels 2021<\/strong>.<\/p>\n\n\n\n<p>A nova data ser\u00e1 de <strong>31 de maio a 03 de junho<\/strong> (segunda a quinta-feira) no mesmo hor\u00e1rio &#8211; <strong>das 13h \u00e0s 20h<\/strong>.<\/p>\n\n\n\n<p>O local da feira permanece sendo o Pro Magno Centro de Eventos, em S\u00e3o Paulo ( SP ).<\/p>\n\n\n\n<p>Seguindo a mudan\u00e7a das datas, os dias de montagem e desmontagem tamb\u00e9m sofrem altera\u00e7\u00e3o. Montagem: 28, 29 e 30 de maio e Desmontagem: 04 de junho.<\/p>\n\n\n\n<figure class=\"wp-block-pullquote\"><blockquote><p>&#8220;A altera\u00e7\u00e3o de data acompanha as diretrizes de seguran\u00e7a para eventos estabelecidas em n\u00edveis estadual e federal.&#8221; &#8211; diz Marcia Romano, organizadora da Flexo &amp; Labels.<\/p><\/blockquote><\/figure>\n\n\n\n<p>Com a expectativa de que a vacina\u00e7\u00e3o comece efetivamente em janeiro, estendendo-se para os meses subsequentes, a organiza\u00e7\u00e3o optou pela altera\u00e7\u00e3o.<\/p>\n\n\n\n<figure class=\"wp-block-pullquote\"><blockquote><p>&#8220;Temos que colocar em primeiro lugar a seguran\u00e7a de todos os envolvidos em um evento do porte da Flexo &amp; Labels, que tem um fluxo de pessoas tanto no pavilh\u00e3o, como nos stands. Apesar de estarmos nos preparando para seguir todas as diretrizes de seguran\u00e7a para eventos fechados, optamos por adiar a feira para que seja realizada em um cen\u00e1rio de mais estabilidade&#8221;, salienta Marcia.<\/p><\/blockquote><\/figure>\n\n\n\n<p><\/p>\n\n\n\n<p class=\"has-background has-very-light-gray-background-color\"><strong>Para d\u00favidas e esclarecimentos adicionais, a Inmotion disponibiliza os telefones (11) 3197-0345 \/ (11) 99743-8629 e o e-mail <span style=\"color:#42a8e2\" class=\"has-inline-color\">comercial@flexoelabels.com<\/span><\/strong><\/p>","protected":false},"excerpt":{"rendered":"<p>Reunindo esfor\u00e7os para realizar um evento mais seguro para todos &#8211; expositores, organizadores e visitantes &#8211; a Inmotion anuncia a mudan\u00e7a de data da Flexo &#038; Labels 2021.<\/p>","protected":false},"author":18,"featured_media":8186,"comment_status":"open","ping_status":"closed","sticky":false,"template":"","format":"standard","meta":{"footnotes":""},"categories":[458],"tags":[464],"class_list":["post-8185","post","type-post","status-publish","format-standard","has-post-thumbnail","hentry","category-lancamentos","tag-flexo-labels-2021"],"yoast_head":"<!-- This site is optimized with the Yoast SEO Premium plugin v27.1 (Yoast SEO v27.1.1) - https:\/\/yoast.com\/product\/yoast-seo-premium-wordpress\/ -->\n<title>Flexo &amp; Labels 2021 t\u00eam sua data alterada - ProjetoPack<\/title>\n<meta name=\"description\" content=\"Confira o melhor conte\u00fado sobre tecnologia, design e gest\u00e3o de embalagens flex\u00edveis, r\u00f3tulos e impress\u00e3o.\" \/>\n<meta name=\"robots\" content=\"index, follow, max-snippet:-1, max-image-preview:large, max-video-preview:-1\" \/>\n<link rel=\"canonical\" href=\"https:\/\/projetopack.com.br\/en\/flexo-labels-2021\/\" \/>\n<meta property=\"og:locale\" content=\"en_US\" \/>\n<meta property=\"og:type\" content=\"article\" \/>\n<meta property=\"og:title\" content=\"Flexo &amp; Labels 2021 t\u00eam sua data alterada\" \/>\n<meta property=\"og:description\" content=\"Confira o melhor conte\u00fado sobre tecnologia, design e gest\u00e3o de embalagens flex\u00edveis, r\u00f3tulos e impress\u00e3o.\" \/>\n<meta property=\"og:url\" content=\"https:\/\/projetopack.com.br\/en\/flexo-labels-2021\/\" \/>\n<meta property=\"og:site_name\" content=\"ProjetoPack\" \/>\n<meta property=\"article:published_time\" content=\"2020-12-15T16:56:26+00:00\" \/>\n<meta property=\"article:modified_time\" content=\"2020-12-15T16:58:22+00:00\" \/>\n<meta property=\"og:image\" content=\"https:\/\/projetopack.com.br\/wp-content\/uploads\/2020\/12\/Logo-FlexoeLabels2021.jpg\" \/>\n\t<meta property=\"og:image:width\" content=\"1000\" \/>\n\t<meta property=\"og:image:height\" content=\"1000\" \/>\n\t<meta property=\"og:image:type\" content=\"image\/jpeg\" \/>\n<meta name=\"author\" content=\"Andrea\" \/>\n<meta name=\"twitter:card\" content=\"summary_large_image\" \/>\n<meta name=\"twitter:creator\" content=\"@ProjetoPack\" \/>\n<meta name=\"twitter:site\" content=\"@ProjetoPack\" \/>\n<meta name=\"twitter:label1\" content=\"Written by\" \/>\n\t<meta name=\"twitter:data1\" content=\"Andrea\" \/>\n\t<meta name=\"twitter:label2\" content=\"Est. reading time\" \/>\n\t<meta name=\"twitter:data2\" content=\"1 minute\" \/>\n<script type=\"application\/ld+json\" class=\"yoast-schema-graph\">{\"@context\":\"https:\/\/schema.org\",\"@graph\":[{\"@type\":\"Article\",\"@id\":\"https:\/\/projetopack.com.br\/en\/flexo-labels-2021\/#article\",\"isPartOf\":{\"@id\":\"https:\/\/projetopack.com.br\/en\/flexo-labels-2021\/\"},\"author\":{\"name\":\"Andrea\",\"@id\":\"https:\/\/projetopack.com.br\/#\/schema\/person\/d17c72a4bc2b7e461496dd8a14d4cef1\"},\"headline\":\"Flexo &#038; Labels 2021 t\u00eam sua data alterada\",\"datePublished\":\"2020-12-15T16:56:26+00:00\",\"dateModified\":\"2020-12-15T16:58:22+00:00\",\"mainEntityOfPage\":{\"@id\":\"https:\/\/projetopack.com.br\/en\/flexo-labels-2021\/\"},\"wordCount\":254,\"commentCount\":0,\"publisher\":{\"@id\":\"https:\/\/projetopack.com.br\/#organization\"},\"image\":{\"@id\":\"https:\/\/projetopack.com.br\/en\/flexo-labels-2021\/#primaryimage\"},\"thumbnailUrl\":\"https:\/\/projetopack.com.br\/wp-content\/uploads\/2020\/12\/Logo-FlexoeLabels2021.jpg\",\"keywords\":[\"Flexo &amp; Labels 2021\"],\"articleSection\":[\"Lan\u00e7amentos\"],\"inLanguage\":\"en-US\",\"potentialAction\":[{\"@type\":\"CommentAction\",\"name\":\"Comment\",\"target\":[\"https:\/\/projetopack.com.br\/en\/flexo-labels-2021\/#respond\"]}]},{\"@type\":\"WebPage\",\"@id\":\"https:\/\/projetopack.com.br\/en\/flexo-labels-2021\/\",\"url\":\"https:\/\/projetopack.com.br\/en\/flexo-labels-2021\/\",\"name\":\"Flexo & Labels 2021 t\u00eam sua data alterada - ProjetoPack\",\"isPartOf\":{\"@id\":\"https:\/\/projetopack.com.br\/#website\"},\"primaryImageOfPage\":{\"@id\":\"https:\/\/projetopack.com.br\/en\/flexo-labels-2021\/#primaryimage\"},\"image\":{\"@id\":\"https:\/\/projetopack.com.br\/en\/flexo-labels-2021\/#primaryimage\"},\"thumbnailUrl\":\"https:\/\/projetopack.com.br\/wp-content\/uploads\/2020\/12\/Logo-FlexoeLabels2021.jpg\",\"datePublished\":\"2020-12-15T16:56:26+00:00\",\"dateModified\":\"2020-12-15T16:58:22+00:00\",\"description\":\"Confira o melhor conte\u00fado sobre tecnologia, design e gest\u00e3o de embalagens flex\u00edveis, r\u00f3tulos e impress\u00e3o.\",\"breadcrumb\":{\"@id\":\"https:\/\/projetopack.com.br\/en\/flexo-labels-2021\/#breadcrumb\"},\"inLanguage\":\"en-US\",\"potentialAction\":[{\"@type\":\"ReadAction\",\"target\":[\"https:\/\/projetopack.com.br\/en\/flexo-labels-2021\/\"]}]},{\"@type\":\"ImageObject\",\"inLanguage\":\"en-US\",\"@id\":\"https:\/\/projetopack.com.br\/en\/flexo-labels-2021\/#primaryimage\",\"url\":\"https:\/\/projetopack.com.br\/wp-content\/uploads\/2020\/12\/Logo-FlexoeLabels2021.jpg\",\"contentUrl\":\"https:\/\/projetopack.com.br\/wp-content\/uploads\/2020\/12\/Logo-FlexoeLabels2021.jpg\",\"width\":1000,\"height\":1000},{\"@type\":\"BreadcrumbList\",\"@id\":\"https:\/\/projetopack.com.br\/en\/flexo-labels-2021\/#breadcrumb\",\"itemListElement\":[{\"@type\":\"ListItem\",\"position\":1,\"name\":\"P\u00e1gina Inicial\",\"item\":\"https:\/\/projetopack.com.br\/\"},{\"@type\":\"ListItem\",\"position\":2,\"name\":\"Lan\u00e7amentos\",\"item\":\"https:\/\/projetopack.com.br\/category\/lancamentos\/\"},{\"@type\":\"ListItem\",\"position\":3,\"name\":\"Flexo &#038; Labels 2021 t\u00eam sua data alterada\"}]},{\"@type\":\"WebSite\",\"@id\":\"https:\/\/projetopack.com.br\/#website\",\"url\":\"https:\/\/projetopack.com.br\/\",\"name\":\"ProjetoPack\",\"description\":\"Consultoria e servi\u00e7os para embalagens, r\u00f3tulos, etiquetas e processos de impress\u00e3o\",\"publisher\":{\"@id\":\"https:\/\/projetopack.com.br\/#organization\"},\"potentialAction\":[{\"@type\":\"SearchAction\",\"target\":{\"@type\":\"EntryPoint\",\"urlTemplate\":\"https:\/\/projetopack.com.br\/?s={search_term_string}\"},\"query-input\":{\"@type\":\"PropertyValueSpecification\",\"valueRequired\":true,\"valueName\":\"search_term_string\"}}],\"inLanguage\":\"en-US\"},{\"@type\":\"Organization\",\"@id\":\"https:\/\/projetopack.com.br\/#organization\",\"name\":\"ProjetoPack & Associados\",\"url\":\"https:\/\/projetopack.com.br\/\",\"logo\":{\"@type\":\"ImageObject\",\"inLanguage\":\"en-US\",\"@id\":\"https:\/\/projetopack.com.br\/#\/schema\/logo\/image\/\",\"url\":\"https:\/\/projetopack.com.br\/wp-content\/uploads\/2020\/09\/projetopack.png\",\"contentUrl\":\"https:\/\/projetopack.com.br\/wp-content\/uploads\/2020\/09\/projetopack.png\",\"width\":200,\"height\":200,\"caption\":\"ProjetoPack & Associados\"},\"image\":{\"@id\":\"https:\/\/projetopack.com.br\/#\/schema\/logo\/image\/\"},\"sameAs\":[\"https:\/\/x.com\/ProjetoPack\",\"https:\/\/www.linkedin.com\/company\/projetopack\/\"]},{\"@type\":\"Person\",\"@id\":\"https:\/\/projetopack.com.br\/#\/schema\/person\/d17c72a4bc2b7e461496dd8a14d4cef1\",\"name\":\"Andrea\",\"image\":{\"@type\":\"ImageObject\",\"inLanguage\":\"en-US\",\"@id\":\"https:\/\/projetopack.com.br\/#\/schema\/person\/image\/\",\"url\":\"https:\/\/projetopack.com.br\/wp-content\/uploads\/2026\/03\/eu-150x150.jpg\",\"contentUrl\":\"https:\/\/projetopack.com.br\/wp-content\/uploads\/2026\/03\/eu-150x150.jpg\",\"caption\":\"Andrea\"},\"url\":\"https:\/\/projetopack.com.br\/en\/author\/andrea\/\"}]}<\/script>\n<!-- \/ Yoast SEO Premium plugin. -->","yoast_head_json":{"title":"Flexo & Labels 2021 t\u00eam sua data alterada - ProjetoPack","description":"Confira o melhor conte\u00fado sobre tecnologia, design e gest\u00e3o de embalagens flex\u00edveis, r\u00f3tulos e impress\u00e3o.","robots":{"index":"index","follow":"follow","max-snippet":"max-snippet:-1","max-image-preview":"max-image-preview:large","max-video-preview":"max-video-preview:-1"},"canonical":"https:\/\/projetopack.com.br\/en\/flexo-labels-2021\/","og_locale":"en_US","og_type":"article","og_title":"Flexo & Labels 2021 t\u00eam sua data alterada","og_description":"Confira o melhor conte\u00fado sobre tecnologia, design e gest\u00e3o de embalagens flex\u00edveis, r\u00f3tulos e impress\u00e3o.","og_url":"https:\/\/projetopack.com.br\/en\/flexo-labels-2021\/","og_site_name":"ProjetoPack","article_published_time":"2020-12-15T16:56:26+00:00","article_modified_time":"2020-12-15T16:58:22+00:00","og_image":[{"width":1000,"height":1000,"url":"https:\/\/projetopack.com.br\/wp-content\/uploads\/2020\/12\/Logo-FlexoeLabels2021.jpg","type":"image\/jpeg"}],"author":"Andrea","twitter_card":"summary_large_image","twitter_creator":"@ProjetoPack","twitter_site":"@ProjetoPack","twitter_misc":{"Written by":"Andrea","Est. reading time":"1 minute"},"schema":{"@context":"https:\/\/schema.org","@graph":[{"@type":"Article","@id":"https:\/\/projetopack.com.br\/en\/flexo-labels-2021\/#article","isPartOf":{"@id":"https:\/\/projetopack.com.br\/en\/flexo-labels-2021\/"},"author":{"name":"Andrea","@id":"https:\/\/projetopack.com.br\/#\/schema\/person\/d17c72a4bc2b7e461496dd8a14d4cef1"},"headline":"Flexo &#038; Labels 2021 t\u00eam sua data alterada","datePublished":"2020-12-15T16:56:26+00:00","dateModified":"2020-12-15T16:58:22+00:00","mainEntityOfPage":{"@id":"https:\/\/projetopack.com.br\/en\/flexo-labels-2021\/"},"wordCount":254,"commentCount":0,"publisher":{"@id":"https:\/\/projetopack.com.br\/#organization"},"image":{"@id":"https:\/\/projetopack.com.br\/en\/flexo-labels-2021\/#primaryimage"},"thumbnailUrl":"https:\/\/projetopack.com.br\/wp-content\/uploads\/2020\/12\/Logo-FlexoeLabels2021.jpg","keywords":["Flexo &amp; Labels 2021"],"articleSection":["Lan\u00e7amentos"],"inLanguage":"en-US","potentialAction":[{"@type":"CommentAction","name":"Comment","target":["https:\/\/projetopack.com.br\/en\/flexo-labels-2021\/#respond"]}]},{"@type":"WebPage","@id":"https:\/\/projetopack.com.br\/en\/flexo-labels-2021\/","url":"https:\/\/projetopack.com.br\/en\/flexo-labels-2021\/","name":"Flexo & Labels 2021 t\u00eam sua data alterada - ProjetoPack","isPartOf":{"@id":"https:\/\/projetopack.com.br\/#website"},"primaryImageOfPage":{"@id":"https:\/\/projetopack.com.br\/en\/flexo-labels-2021\/#primaryimage"},"image":{"@id":"https:\/\/projetopack.com.br\/en\/flexo-labels-2021\/#primaryimage"},"thumbnailUrl":"https:\/\/projetopack.com.br\/wp-content\/uploads\/2020\/12\/Logo-FlexoeLabels2021.jpg","datePublished":"2020-12-15T16:56:26+00:00","dateModified":"2020-12-15T16:58:22+00:00","description":"Confira o melhor conte\u00fado sobre tecnologia, design e gest\u00e3o de embalagens flex\u00edveis, r\u00f3tulos e impress\u00e3o.","breadcrumb":{"@id":"https:\/\/projetopack.com.br\/en\/flexo-labels-2021\/#breadcrumb"},"inLanguage":"en-US","potentialAction":[{"@type":"ReadAction","target":["https:\/\/projetopack.com.br\/en\/flexo-labels-2021\/"]}]},{"@type":"ImageObject","inLanguage":"en-US","@id":"https:\/\/projetopack.com.br\/en\/flexo-labels-2021\/#primaryimage","url":"https:\/\/projetopack.com.br\/wp-content\/uploads\/2020\/12\/Logo-FlexoeLabels2021.jpg","contentUrl":"https:\/\/projetopack.com.br\/wp-content\/uploads\/2020\/12\/Logo-FlexoeLabels2021.jpg","width":1000,"height":1000},{"@type":"BreadcrumbList","@id":"https:\/\/projetopack.com.br\/en\/flexo-labels-2021\/#breadcrumb","itemListElement":[{"@type":"ListItem","position":1,"name":"P\u00e1gina Inicial","item":"https:\/\/projetopack.com.br\/"},{"@type":"ListItem","position":2,"name":"Lan\u00e7amentos","item":"https:\/\/projetopack.com.br\/category\/lancamentos\/"},{"@type":"ListItem","position":3,"name":"Flexo &#038; Labels 2021 t\u00eam sua data alterada"}]},{"@type":"WebSite","@id":"https:\/\/projetopack.com.br\/#website","url":"https:\/\/projetopack.com.br\/","name":"ProjetoPack","description":"Consultoria e servi\u00e7os para embalagens, r\u00f3tulos, etiquetas e processos de impress\u00e3o","publisher":{"@id":"https:\/\/projetopack.com.br\/#organization"},"potentialAction":[{"@type":"SearchAction","target":{"@type":"EntryPoint","urlTemplate":"https:\/\/projetopack.com.br\/?s={search_term_string}"},"query-input":{"@type":"PropertyValueSpecification","valueRequired":true,"valueName":"search_term_string"}}],"inLanguage":"en-US"},{"@type":"Organization","@id":"https:\/\/projetopack.com.br\/#organization","name":"ProjetoPack & Associados","url":"https:\/\/projetopack.com.br\/","logo":{"@type":"ImageObject","inLanguage":"en-US","@id":"https:\/\/projetopack.com.br\/#\/schema\/logo\/image\/","url":"https:\/\/projetopack.com.br\/wp-content\/uploads\/2020\/09\/projetopack.png","contentUrl":"https:\/\/projetopack.com.br\/wp-content\/uploads\/2020\/09\/projetopack.png","width":200,"height":200,"caption":"ProjetoPack & Associados"},"image":{"@id":"https:\/\/projetopack.com.br\/#\/schema\/logo\/image\/"},"sameAs":["https:\/\/x.com\/ProjetoPack","https:\/\/www.linkedin.com\/company\/projetopack\/"]},{"@type":"Person","@id":"https:\/\/projetopack.com.br\/#\/schema\/person\/d17c72a4bc2b7e461496dd8a14d4cef1","name":"Andrea","image":{"@type":"ImageObject","inLanguage":"en-US","@id":"https:\/\/projetopack.com.br\/#\/schema\/person\/image\/","url":"https:\/\/projetopack.com.br\/wp-content\/uploads\/2026\/03\/eu-150x150.jpg","contentUrl":"https:\/\/projetopack.com.br\/wp-content\/uploads\/2026\/03\/eu-150x150.jpg","caption":"Andrea"},"url":"https:\/\/projetopack.com.br\/en\/author\/andrea\/"}]}},"_links":{"self":[{"href":"https:\/\/projetopack.com.br\/en\/wp-json\/wp\/v2\/posts\/8185","targetHints":{"allow":["GET"]}}],"collection":[{"href":"https:\/\/projetopack.com.br\/en\/wp-json\/wp\/v2\/posts"}],"about":[{"href":"https:\/\/projetopack.com.br\/en\/wp-json\/wp\/v2\/types\/post"}],"author":[{"embeddable":true,"href":"https:\/\/projetopack.com.br\/en\/wp-json\/wp\/v2\/users\/18"}],"replies":[{"embeddable":true,"href":"https:\/\/projetopack.com.br\/en\/wp-json\/wp\/v2\/comments?post=8185"}],"version-history":[{"count":0,"href":"https:\/\/projetopack.com.br\/en\/wp-json\/wp\/v2\/posts\/8185\/revisions"}],"wp:featuredmedia":[{"embeddable":true,"href":"https:\/\/projetopack.com.br\/en\/wp-json\/wp\/v2\/media\/8186"}],"wp:attachment":[{"href":"https:\/\/projetopack.com.br\/en\/wp-json\/wp\/v2\/media?parent=8185"}],"wp:term":[{"taxonomy":"category","embeddable":true,"href":"https:\/\/projetopack.com.br\/en\/wp-json\/wp\/v2\/categories?post=8185"},{"taxonomy":"post_tag","embeddable":true,"href":"https:\/\/projetopack.com.br\/en\/wp-json\/wp\/v2\/tags?post=8185"}],"curies":[{"name":"wp","href":"https:\/\/api.w.org\/{rel}","templated":true}]}}