{"id":8538,"date":"2021-01-04T18:07:43","date_gmt":"2021-01-04T21:07:43","guid":{"rendered":"https:\/\/www.projetopack.com.br\/?p=8538"},"modified":"2021-01-04T18:07:44","modified_gmt":"2021-01-04T21:07:44","slug":"dic-deve-adquirir-o-negocio-global-de-pigmentos-da-basf","status":"publish","type":"post","link":"https:\/\/projetopack.com.br\/en\/dic-deve-adquirir-o-negocio-global-de-pigmentos-da-basf\/","title":{"rendered":"DIC deve adquirir o neg\u00f3cio global de pigmentos da BASF"},"content":{"rendered":"<figure class=\"wp-block-image\"><img decoding=\"async\" src=\"https:\/\/media-exp1.licdn.com\/dms\/image\/C4E12AQGP_W_fQQ1dCw\/article-inline_image-shrink_1000_1488\/0\/1608061398751?e=1615420800&amp;v=beta&amp;t=kBmzzRPhXsle1Vn7EXKnWsj_oiG9CRF4hrnYZfCuz3E\" alt=\"N\u00e3o foi fornecido texto alternativo para esta imagem\"\/><\/figure>\n\n\n\n<p>A&nbsp;<a href=\"https:\/\/www.dic-global.com\/en\/\" target=\"_blank\" rel=\"noreferrer noopener\">DIC Corporation<\/a>&nbsp;foi fundada em 1908 para produzir e vender tintas de impress\u00e3o. Desde ent\u00e3o, a empresa passou a diversificar seus neg\u00f3cios em atividades correlatas em setores como pigmentos org\u00e2nicos e resinas sint\u00e9ticas.<\/p>\n\n\n\n<figure class=\"wp-block-pullquote\"><blockquote><p>Com mais de 170 subsidi\u00e1rias, o grupo tem neg\u00f3cios em mais de 60 pa\u00edses ao redor do mundo, e suas vendas para fora do Jap\u00e3o representavam, j\u00e1 em 2017, mais de 60% do faturamento.<\/p><\/blockquote><\/figure>\n\n\n\n<p>Estima-se que o grupo DIC (propriet\u00e1ria da&nbsp;<a href=\"https:\/\/www.sunchemical.com\/pt-br\/sun-chemical-and-its-parent-company-dic-corporation-to-build-new-pps-compounds-production-line-in-north-america\/\" target=\"_blank\" rel=\"noreferrer noopener\">Sun Chemical<\/a>) possua uma participa\u00e7\u00e3o de mercado em tintas de impress\u00e3o na ordem de 30% a 35%, embora tintas de impress\u00e3o representem, ano ap\u00f3s ano, parte menos relevante no lucro auferido (em meados de 2018, j\u00e1 se falava em 30% dos lucros).<\/p>\n\n\n\n<figure class=\"wp-block-image\"><a href=\"https:\/\/projetopack.com.br\/\" target=\"_blank\" rel=\"noreferrer noopener\"><img decoding=\"async\" src=\"https:\/\/media-exp1.licdn.com\/dms\/image\/C4E12AQHHtyMJCXqMUA\/article-inline_image-shrink_1000_1488\/0\/1608061155152?e=1615420800&amp;v=beta&amp;t=pwNoxsPDIom7b_4seRK97xXjXqUO-fBadY_ffOc14jc\" alt=\"N\u00e3o foi fornecido texto alternativo para esta imagem\"\/><\/a><\/figure>\n\n\n\n<p>Esta semana a&nbsp;<a href=\"https:\/\/ec.europa.eu\/\" target=\"_blank\" rel=\"noreferrer noopener\">Comiss\u00e3o Europeia<\/a>&nbsp;autorizou, sobre a \u00e9gide da legisla\u00e7\u00e3o de fus\u00f5es da Uni\u00e3o Europ\u00e9ia, a proposta de aquisi\u00e7\u00e3o da&nbsp;<a href=\"https:\/\/www.colors-effects.com\/\" target=\"_blank\" rel=\"noreferrer noopener\">Basf Colors &amp; Effects<\/a>&nbsp;pela&nbsp;<a href=\"https:\/\/www.dic-global.com\/en\/\" target=\"_blank\" rel=\"noreferrer noopener\">DIC Corporation<\/a>. Dentre as cl\u00e1usulas do acordo estaria o desinvestimento, por parte da DIC, da principal planta de produ\u00e7\u00e3o de pigmentos como forma de preservar a competi\u00e7\u00e3o no mercado.<\/p>\n\n\n\n<figure class=\"wp-block-pullquote\"><blockquote><p>BASF e DIC s\u00e3o duas empresas l\u00edderes de mercado na produ\u00e7\u00e3o e comercializa\u00e7\u00e3o de pigmentos e corantes. Em um certo n\u00famero de categorias de pigmentos, elas s\u00e3o as duas empresas l\u00edderes em n\u00edvel global, inclusive.<\/p><\/blockquote><\/figure>\n\n\n\n<p>Embora o processo de an\u00e1lise de uma fus\u00e3o desta envergadura seja espinhoso, com grande possibilidade de fomentar ou refor\u00e7ar o monop\u00f3lio em uma dada categoria de produtos &#8211; ao nosso ver, temas como a influ\u00eancia asi\u00e1tica nos \u00faltimos anos no \u00e2mbito da ind\u00fastria de pigmentos, os custos associados \u00e0 troca de fornecedor aos usu\u00e1rios destes produtos, a qualidade e confiabilidade (sob judice) e a dificuldade de se competir em virtude de pr\u00e1ticas comerciais predat\u00f3rias &#8211; criou o ambiente favor\u00e1vel para, em pouco menos de dois anos, a coisa de fato acontecer.<\/p>\n\n\n\n<figure class=\"wp-block-pullquote\"><blockquote><p>O pre\u00e7o de compra na base &#8220;cash and debt-free&#8221; ser\u00e1 de \u20ac1.15 bilh\u00e3o.<\/p><\/blockquote><\/figure>\n\n\n\n<p>A DIC \u00e9 uma companhia japonesa listada na bolsa de T\u00f3quio, com cerca de 20 mil colaboradores em todo o mundo. Espera-se que ela venha a faturar por volta de \u20ac8 bilh\u00f5es at\u00e9 2025.<\/p>\n\n\n\n<figure class=\"wp-block-pullquote\"><blockquote><p>O neg\u00f3cio de pigmentos da BASF, por sua vez, emprega cerca de 2600 colaboradores e gerou uma receita de vendas em 2018 na ordem de \u20ac1 bilh\u00e3o.<\/p><\/blockquote><\/figure>\n\n\n\n<p><\/p>\n\n\n\n<p><\/p>\n\n\n\n<p><\/p>\n\n\n\n<p><strong>Publicado por:<\/strong><\/p>\n\n\n\n<p class=\"has-background has-very-light-gray-background-color\"><img decoding=\"async\" width=\"50\" height=\"50\" class=\"wp-image-6323\" style=\"width: 50px;\" src=\"https:\/\/projetopack.com.br\/wp-content\/uploads\/2020\/06\/aislan.jpg\" alt=\"\"><a href=\"https:\/\/www.linkedin.com\/in\/aislanbaer\/\">Aislan Baer<\/a> Fundador e CEO da ProjetoPack &amp; Associados; Co-fundador da Inovagraf; Especialista em impress\u00e3o e embalagens.<\/p>","protected":false},"excerpt":{"rendered":"<p>Esta semana a Comiss\u00e3o Europeia autorizou, sobre a \u00e9gide da legisla\u00e7\u00e3o de fus\u00f5es da Uni\u00e3o Europ\u00e9ia, a proposta de aquisi\u00e7\u00e3o da Basf Colors &#038; Effects pela DIC Corporation.<\/p>","protected":false},"author":18,"featured_media":8540,"comment_status":"open","ping_status":"closed","sticky":false,"template":"","format":"standard","meta":{"footnotes":""},"categories":[4],"tags":[558,557],"class_list":["post-8538","post","type-post","status-publish","format-standard","has-post-thumbnail","hentry","category-infopack","tag-basf","tag-dic-corporation"],"yoast_head":"<!-- This site is optimized with the Yoast SEO Premium plugin v27.1 (Yoast SEO v27.1.1) - https:\/\/yoast.com\/product\/yoast-seo-premium-wordpress\/ -->\n<title>DIC deve adquirir o neg\u00f3cio global de pigmentos da BASF - ProjetoPack<\/title>\n<meta name=\"description\" content=\"Confira o melhor conte\u00fado sobre tecnologia, design e gest\u00e3o de embalagens flex\u00edveis, r\u00f3tulos e impress\u00e3o.\" \/>\n<meta name=\"robots\" content=\"index, follow, max-snippet:-1, max-image-preview:large, max-video-preview:-1\" \/>\n<link rel=\"canonical\" href=\"https:\/\/projetopack.com.br\/en\/dic-deve-adquirir-o-negocio-global-de-pigmentos-da-basf\/\" \/>\n<meta property=\"og:locale\" content=\"en_US\" \/>\n<meta property=\"og:type\" content=\"article\" \/>\n<meta property=\"og:title\" content=\"DIC deve adquirir o neg\u00f3cio global de pigmentos da BASF\" \/>\n<meta property=\"og:description\" content=\"Confira o melhor conte\u00fado sobre tecnologia, design e gest\u00e3o de embalagens flex\u00edveis, r\u00f3tulos e impress\u00e3o.\" \/>\n<meta property=\"og:url\" content=\"https:\/\/projetopack.com.br\/en\/dic-deve-adquirir-o-negocio-global-de-pigmentos-da-basf\/\" \/>\n<meta property=\"og:site_name\" content=\"ProjetoPack\" \/>\n<meta property=\"article:published_time\" content=\"2021-01-04T21:07:43+00:00\" \/>\n<meta property=\"article:modified_time\" content=\"2021-01-04T21:07:44+00:00\" \/>\n<meta property=\"og:image\" content=\"https:\/\/projetopack.com.br\/wp-content\/uploads\/2021\/01\/dic.jpg\" \/>\n\t<meta property=\"og:image:width\" content=\"900\" \/>\n\t<meta property=\"og:image:height\" content=\"900\" \/>\n\t<meta property=\"og:image:type\" content=\"image\/jpeg\" \/>\n<meta name=\"author\" content=\"Andrea\" \/>\n<meta name=\"twitter:card\" content=\"summary_large_image\" \/>\n<meta name=\"twitter:creator\" content=\"@ProjetoPack\" \/>\n<meta name=\"twitter:site\" content=\"@ProjetoPack\" \/>\n<meta name=\"twitter:label1\" content=\"Written by\" \/>\n\t<meta name=\"twitter:data1\" content=\"Andrea\" \/>\n\t<meta name=\"twitter:label2\" content=\"Est. reading time\" \/>\n\t<meta name=\"twitter:data2\" content=\"2 minutes\" \/>\n<script type=\"application\/ld+json\" class=\"yoast-schema-graph\">{\"@context\":\"https:\/\/schema.org\",\"@graph\":[{\"@type\":\"Article\",\"@id\":\"https:\/\/projetopack.com.br\/dic-deve-adquirir-o-negocio-global-de-pigmentos-da-basf\/#article\",\"isPartOf\":{\"@id\":\"https:\/\/projetopack.com.br\/dic-deve-adquirir-o-negocio-global-de-pigmentos-da-basf\/\"},\"author\":{\"name\":\"Andrea\",\"@id\":\"https:\/\/projetopack.com.br\/#\/schema\/person\/d17c72a4bc2b7e461496dd8a14d4cef1\"},\"headline\":\"DIC deve adquirir o neg\u00f3cio global de pigmentos da BASF\",\"datePublished\":\"2021-01-04T21:07:43+00:00\",\"dateModified\":\"2021-01-04T21:07:44+00:00\",\"mainEntityOfPage\":{\"@id\":\"https:\/\/projetopack.com.br\/dic-deve-adquirir-o-negocio-global-de-pigmentos-da-basf\/\"},\"wordCount\":441,\"commentCount\":0,\"publisher\":{\"@id\":\"https:\/\/projetopack.com.br\/#organization\"},\"image\":{\"@id\":\"https:\/\/projetopack.com.br\/dic-deve-adquirir-o-negocio-global-de-pigmentos-da-basf\/#primaryimage\"},\"thumbnailUrl\":\"https:\/\/projetopack.com.br\/wp-content\/uploads\/2021\/01\/dic.jpg\",\"keywords\":[\"BASF\",\"Dic Corporation\"],\"articleSection\":[\"Infopack\"],\"inLanguage\":\"en-US\",\"potentialAction\":[{\"@type\":\"CommentAction\",\"name\":\"Comment\",\"target\":[\"https:\/\/projetopack.com.br\/dic-deve-adquirir-o-negocio-global-de-pigmentos-da-basf\/#respond\"]}]},{\"@type\":\"WebPage\",\"@id\":\"https:\/\/projetopack.com.br\/dic-deve-adquirir-o-negocio-global-de-pigmentos-da-basf\/\",\"url\":\"https:\/\/projetopack.com.br\/dic-deve-adquirir-o-negocio-global-de-pigmentos-da-basf\/\",\"name\":\"DIC deve adquirir o neg\u00f3cio global de pigmentos da BASF - ProjetoPack\",\"isPartOf\":{\"@id\":\"https:\/\/projetopack.com.br\/#website\"},\"primaryImageOfPage\":{\"@id\":\"https:\/\/projetopack.com.br\/dic-deve-adquirir-o-negocio-global-de-pigmentos-da-basf\/#primaryimage\"},\"image\":{\"@id\":\"https:\/\/projetopack.com.br\/dic-deve-adquirir-o-negocio-global-de-pigmentos-da-basf\/#primaryimage\"},\"thumbnailUrl\":\"https:\/\/projetopack.com.br\/wp-content\/uploads\/2021\/01\/dic.jpg\",\"datePublished\":\"2021-01-04T21:07:43+00:00\",\"dateModified\":\"2021-01-04T21:07:44+00:00\",\"description\":\"Confira o melhor conte\u00fado sobre tecnologia, design e gest\u00e3o de embalagens flex\u00edveis, r\u00f3tulos e impress\u00e3o.\",\"breadcrumb\":{\"@id\":\"https:\/\/projetopack.com.br\/dic-deve-adquirir-o-negocio-global-de-pigmentos-da-basf\/#breadcrumb\"},\"inLanguage\":\"en-US\",\"potentialAction\":[{\"@type\":\"ReadAction\",\"target\":[\"https:\/\/projetopack.com.br\/dic-deve-adquirir-o-negocio-global-de-pigmentos-da-basf\/\"]}]},{\"@type\":\"ImageObject\",\"inLanguage\":\"en-US\",\"@id\":\"https:\/\/projetopack.com.br\/dic-deve-adquirir-o-negocio-global-de-pigmentos-da-basf\/#primaryimage\",\"url\":\"https:\/\/projetopack.com.br\/wp-content\/uploads\/2021\/01\/dic.jpg\",\"contentUrl\":\"https:\/\/projetopack.com.br\/wp-content\/uploads\/2021\/01\/dic.jpg\",\"width\":900,\"height\":900},{\"@type\":\"BreadcrumbList\",\"@id\":\"https:\/\/projetopack.com.br\/dic-deve-adquirir-o-negocio-global-de-pigmentos-da-basf\/#breadcrumb\",\"itemListElement\":[{\"@type\":\"ListItem\",\"position\":1,\"name\":\"P\u00e1gina Inicial\",\"item\":\"https:\/\/projetopack.com.br\/\"},{\"@type\":\"ListItem\",\"position\":2,\"name\":\"Infopack\",\"item\":\"https:\/\/projetopack.com.br\/category\/infopack\/\"},{\"@type\":\"ListItem\",\"position\":3,\"name\":\"DIC deve adquirir o neg\u00f3cio global de pigmentos da BASF\"}]},{\"@type\":\"WebSite\",\"@id\":\"https:\/\/projetopack.com.br\/#website\",\"url\":\"https:\/\/projetopack.com.br\/\",\"name\":\"ProjetoPack\",\"description\":\"Consultoria e servi\u00e7os para embalagens, r\u00f3tulos, etiquetas e processos de impress\u00e3o\",\"publisher\":{\"@id\":\"https:\/\/projetopack.com.br\/#organization\"},\"potentialAction\":[{\"@type\":\"SearchAction\",\"target\":{\"@type\":\"EntryPoint\",\"urlTemplate\":\"https:\/\/projetopack.com.br\/?s={search_term_string}\"},\"query-input\":{\"@type\":\"PropertyValueSpecification\",\"valueRequired\":true,\"valueName\":\"search_term_string\"}}],\"inLanguage\":\"en-US\"},{\"@type\":\"Organization\",\"@id\":\"https:\/\/projetopack.com.br\/#organization\",\"name\":\"ProjetoPack & Associados\",\"url\":\"https:\/\/projetopack.com.br\/\",\"logo\":{\"@type\":\"ImageObject\",\"inLanguage\":\"en-US\",\"@id\":\"https:\/\/projetopack.com.br\/#\/schema\/logo\/image\/\",\"url\":\"https:\/\/projetopack.com.br\/wp-content\/uploads\/2020\/09\/projetopack.png\",\"contentUrl\":\"https:\/\/projetopack.com.br\/wp-content\/uploads\/2020\/09\/projetopack.png\",\"width\":200,\"height\":200,\"caption\":\"ProjetoPack & Associados\"},\"image\":{\"@id\":\"https:\/\/projetopack.com.br\/#\/schema\/logo\/image\/\"},\"sameAs\":[\"https:\/\/x.com\/ProjetoPack\",\"https:\/\/www.linkedin.com\/company\/projetopack\/\"]},{\"@type\":\"Person\",\"@id\":\"https:\/\/projetopack.com.br\/#\/schema\/person\/d17c72a4bc2b7e461496dd8a14d4cef1\",\"name\":\"Andrea\",\"image\":{\"@type\":\"ImageObject\",\"inLanguage\":\"en-US\",\"@id\":\"https:\/\/projetopack.com.br\/#\/schema\/person\/image\/\",\"url\":\"https:\/\/projetopack.com.br\/wp-content\/uploads\/2026\/03\/eu-150x150.jpg\",\"contentUrl\":\"https:\/\/projetopack.com.br\/wp-content\/uploads\/2026\/03\/eu-150x150.jpg\",\"caption\":\"Andrea\"},\"url\":\"https:\/\/projetopack.com.br\/en\/author\/andrea\/\"}]}<\/script>\n<!-- \/ Yoast SEO Premium plugin. -->","yoast_head_json":{"title":"DIC deve adquirir o neg\u00f3cio global de pigmentos da BASF - ProjetoPack","description":"Confira o melhor conte\u00fado sobre tecnologia, design e gest\u00e3o de embalagens flex\u00edveis, r\u00f3tulos e impress\u00e3o.","robots":{"index":"index","follow":"follow","max-snippet":"max-snippet:-1","max-image-preview":"max-image-preview:large","max-video-preview":"max-video-preview:-1"},"canonical":"https:\/\/projetopack.com.br\/en\/dic-deve-adquirir-o-negocio-global-de-pigmentos-da-basf\/","og_locale":"en_US","og_type":"article","og_title":"DIC deve adquirir o neg\u00f3cio global de pigmentos da BASF","og_description":"Confira o melhor conte\u00fado sobre tecnologia, design e gest\u00e3o de embalagens flex\u00edveis, r\u00f3tulos e impress\u00e3o.","og_url":"https:\/\/projetopack.com.br\/en\/dic-deve-adquirir-o-negocio-global-de-pigmentos-da-basf\/","og_site_name":"ProjetoPack","article_published_time":"2021-01-04T21:07:43+00:00","article_modified_time":"2021-01-04T21:07:44+00:00","og_image":[{"width":900,"height":900,"url":"https:\/\/projetopack.com.br\/wp-content\/uploads\/2021\/01\/dic.jpg","type":"image\/jpeg"}],"author":"Andrea","twitter_card":"summary_large_image","twitter_creator":"@ProjetoPack","twitter_site":"@ProjetoPack","twitter_misc":{"Written by":"Andrea","Est. reading time":"2 minutes"},"schema":{"@context":"https:\/\/schema.org","@graph":[{"@type":"Article","@id":"https:\/\/projetopack.com.br\/dic-deve-adquirir-o-negocio-global-de-pigmentos-da-basf\/#article","isPartOf":{"@id":"https:\/\/projetopack.com.br\/dic-deve-adquirir-o-negocio-global-de-pigmentos-da-basf\/"},"author":{"name":"Andrea","@id":"https:\/\/projetopack.com.br\/#\/schema\/person\/d17c72a4bc2b7e461496dd8a14d4cef1"},"headline":"DIC deve adquirir o neg\u00f3cio global de pigmentos da BASF","datePublished":"2021-01-04T21:07:43+00:00","dateModified":"2021-01-04T21:07:44+00:00","mainEntityOfPage":{"@id":"https:\/\/projetopack.com.br\/dic-deve-adquirir-o-negocio-global-de-pigmentos-da-basf\/"},"wordCount":441,"commentCount":0,"publisher":{"@id":"https:\/\/projetopack.com.br\/#organization"},"image":{"@id":"https:\/\/projetopack.com.br\/dic-deve-adquirir-o-negocio-global-de-pigmentos-da-basf\/#primaryimage"},"thumbnailUrl":"https:\/\/projetopack.com.br\/wp-content\/uploads\/2021\/01\/dic.jpg","keywords":["BASF","Dic Corporation"],"articleSection":["Infopack"],"inLanguage":"en-US","potentialAction":[{"@type":"CommentAction","name":"Comment","target":["https:\/\/projetopack.com.br\/dic-deve-adquirir-o-negocio-global-de-pigmentos-da-basf\/#respond"]}]},{"@type":"WebPage","@id":"https:\/\/projetopack.com.br\/dic-deve-adquirir-o-negocio-global-de-pigmentos-da-basf\/","url":"https:\/\/projetopack.com.br\/dic-deve-adquirir-o-negocio-global-de-pigmentos-da-basf\/","name":"DIC deve adquirir o neg\u00f3cio global de pigmentos da BASF - ProjetoPack","isPartOf":{"@id":"https:\/\/projetopack.com.br\/#website"},"primaryImageOfPage":{"@id":"https:\/\/projetopack.com.br\/dic-deve-adquirir-o-negocio-global-de-pigmentos-da-basf\/#primaryimage"},"image":{"@id":"https:\/\/projetopack.com.br\/dic-deve-adquirir-o-negocio-global-de-pigmentos-da-basf\/#primaryimage"},"thumbnailUrl":"https:\/\/projetopack.com.br\/wp-content\/uploads\/2021\/01\/dic.jpg","datePublished":"2021-01-04T21:07:43+00:00","dateModified":"2021-01-04T21:07:44+00:00","description":"Confira o melhor conte\u00fado sobre tecnologia, design e gest\u00e3o de embalagens flex\u00edveis, r\u00f3tulos e impress\u00e3o.","breadcrumb":{"@id":"https:\/\/projetopack.com.br\/dic-deve-adquirir-o-negocio-global-de-pigmentos-da-basf\/#breadcrumb"},"inLanguage":"en-US","potentialAction":[{"@type":"ReadAction","target":["https:\/\/projetopack.com.br\/dic-deve-adquirir-o-negocio-global-de-pigmentos-da-basf\/"]}]},{"@type":"ImageObject","inLanguage":"en-US","@id":"https:\/\/projetopack.com.br\/dic-deve-adquirir-o-negocio-global-de-pigmentos-da-basf\/#primaryimage","url":"https:\/\/projetopack.com.br\/wp-content\/uploads\/2021\/01\/dic.jpg","contentUrl":"https:\/\/projetopack.com.br\/wp-content\/uploads\/2021\/01\/dic.jpg","width":900,"height":900},{"@type":"BreadcrumbList","@id":"https:\/\/projetopack.com.br\/dic-deve-adquirir-o-negocio-global-de-pigmentos-da-basf\/#breadcrumb","itemListElement":[{"@type":"ListItem","position":1,"name":"P\u00e1gina Inicial","item":"https:\/\/projetopack.com.br\/"},{"@type":"ListItem","position":2,"name":"Infopack","item":"https:\/\/projetopack.com.br\/category\/infopack\/"},{"@type":"ListItem","position":3,"name":"DIC deve adquirir o neg\u00f3cio global de pigmentos da BASF"}]},{"@type":"WebSite","@id":"https:\/\/projetopack.com.br\/#website","url":"https:\/\/projetopack.com.br\/","name":"ProjetoPack","description":"Consultoria e servi\u00e7os para embalagens, r\u00f3tulos, etiquetas e processos de impress\u00e3o","publisher":{"@id":"https:\/\/projetopack.com.br\/#organization"},"potentialAction":[{"@type":"SearchAction","target":{"@type":"EntryPoint","urlTemplate":"https:\/\/projetopack.com.br\/?s={search_term_string}"},"query-input":{"@type":"PropertyValueSpecification","valueRequired":true,"valueName":"search_term_string"}}],"inLanguage":"en-US"},{"@type":"Organization","@id":"https:\/\/projetopack.com.br\/#organization","name":"ProjetoPack & Associados","url":"https:\/\/projetopack.com.br\/","logo":{"@type":"ImageObject","inLanguage":"en-US","@id":"https:\/\/projetopack.com.br\/#\/schema\/logo\/image\/","url":"https:\/\/projetopack.com.br\/wp-content\/uploads\/2020\/09\/projetopack.png","contentUrl":"https:\/\/projetopack.com.br\/wp-content\/uploads\/2020\/09\/projetopack.png","width":200,"height":200,"caption":"ProjetoPack & Associados"},"image":{"@id":"https:\/\/projetopack.com.br\/#\/schema\/logo\/image\/"},"sameAs":["https:\/\/x.com\/ProjetoPack","https:\/\/www.linkedin.com\/company\/projetopack\/"]},{"@type":"Person","@id":"https:\/\/projetopack.com.br\/#\/schema\/person\/d17c72a4bc2b7e461496dd8a14d4cef1","name":"Andrea","image":{"@type":"ImageObject","inLanguage":"en-US","@id":"https:\/\/projetopack.com.br\/#\/schema\/person\/image\/","url":"https:\/\/projetopack.com.br\/wp-content\/uploads\/2026\/03\/eu-150x150.jpg","contentUrl":"https:\/\/projetopack.com.br\/wp-content\/uploads\/2026\/03\/eu-150x150.jpg","caption":"Andrea"},"url":"https:\/\/projetopack.com.br\/en\/author\/andrea\/"}]}},"_links":{"self":[{"href":"https:\/\/projetopack.com.br\/en\/wp-json\/wp\/v2\/posts\/8538","targetHints":{"allow":["GET"]}}],"collection":[{"href":"https:\/\/projetopack.com.br\/en\/wp-json\/wp\/v2\/posts"}],"about":[{"href":"https:\/\/projetopack.com.br\/en\/wp-json\/wp\/v2\/types\/post"}],"author":[{"embeddable":true,"href":"https:\/\/projetopack.com.br\/en\/wp-json\/wp\/v2\/users\/18"}],"replies":[{"embeddable":true,"href":"https:\/\/projetopack.com.br\/en\/wp-json\/wp\/v2\/comments?post=8538"}],"version-history":[{"count":0,"href":"https:\/\/projetopack.com.br\/en\/wp-json\/wp\/v2\/posts\/8538\/revisions"}],"wp:featuredmedia":[{"embeddable":true,"href":"https:\/\/projetopack.com.br\/en\/wp-json\/wp\/v2\/media\/8540"}],"wp:attachment":[{"href":"https:\/\/projetopack.com.br\/en\/wp-json\/wp\/v2\/media?parent=8538"}],"wp:term":[{"taxonomy":"category","embeddable":true,"href":"https:\/\/projetopack.com.br\/en\/wp-json\/wp\/v2\/categories?post=8538"},{"taxonomy":"post_tag","embeddable":true,"href":"https:\/\/projetopack.com.br\/en\/wp-json\/wp\/v2\/tags?post=8538"}],"curies":[{"name":"wp","href":"https:\/\/api.w.org\/{rel}","templated":true}]}}