{"id":8730,"date":"2021-01-14T15:44:14","date_gmt":"2021-01-14T18:44:14","guid":{"rendered":"https:\/\/www.projetopack.com.br\/?p=8730"},"modified":"2021-04-27T02:29:30","modified_gmt":"2021-04-27T05:29:30","slug":"chris-horton-chefe-do-juri-do-global-flexo-innovation-awards-fala-sobre-a-premiacao-deste-ano","status":"publish","type":"post","link":"https:\/\/projetopack.com.br\/en\/chris-horton-chefe-do-juri-do-global-flexo-innovation-awards-fala-sobre-a-premiacao-deste-ano\/","title":{"rendered":"Chris Horton, chefe do j\u00fari do Global Flexo Innovation Awards, fala sobre a premia\u00e7\u00e3o deste ano"},"content":{"rendered":"<p class=\"has-medium-font-size\"><strong><em>A Miraclon, que comercializa as solu\u00e7\u00f5es KODAK FLEXCEL, est\u00e1 promovendo mais uma edi\u00e7\u00e3o do Global Flexo Innovation Awards.<\/em><\/strong><\/p>\n\n\n\n<p>Mais do que um pr\u00eamio que reconhece a qualidade de impress\u00e3o dos trabalhos, o painel de jurados busca reconhecer a inova\u00e7\u00e3o e homenagear as empresas que est\u00e3o na vanguarda da transforma\u00e7\u00e3o da ind\u00fastria flexogr\u00e1fica.<\/p>\n\n\n\n<p>Christopher Horton, ex-vice-presidente s\u00eanior da SGS, est\u00e1 presidindo o painel de jurados independentes, composto por influenciadores e especialistas da ind\u00fastria. Como empres\u00e1rio, profissional inovador e executivo, Christopher passou os \u00faltimos 30 anos de sua carreira acompanhando o crescimento da ind\u00fastria flexogr\u00e1fica.<\/p>\n\n\n\n<figure class=\"wp-block-image size-large\"><img fetchpriority=\"high\" decoding=\"async\" width=\"1024\" height=\"1024\" src=\"https:\/\/projetopack.com.br\/wp-content\/uploads\/2021\/01\/Chris-Horton-1-1024x1024.jpg\" alt=\"\" class=\"wp-image-8731\" srcset=\"https:\/\/projetopack.com.br\/wp-content\/uploads\/2021\/01\/Chris-Horton-1-1024x1024.jpg 1024w, https:\/\/projetopack.com.br\/wp-content\/uploads\/2021\/01\/Chris-Horton-1-300x300.jpg 300w, https:\/\/projetopack.com.br\/wp-content\/uploads\/2021\/01\/Chris-Horton-1-scaled-100x100.jpg 100w, https:\/\/projetopack.com.br\/wp-content\/uploads\/2021\/01\/Chris-Horton-1-600x600.jpg 600w, https:\/\/projetopack.com.br\/wp-content\/uploads\/2021\/01\/Chris-Horton-1-150x150.jpg 150w, https:\/\/projetopack.com.br\/wp-content\/uploads\/2021\/01\/Chris-Horton-1-1536x1536.jpg 1536w, https:\/\/projetopack.com.br\/wp-content\/uploads\/2021\/01\/Chris-Horton-1-scaled.jpg 2048w\" sizes=\"(max-width: 1024px) 100vw, 1024px\" \/><figcaption>Christopher Horton, ex-vice-presidente s\u00eanior da SGS<\/figcaption><\/figure>\n\n\n\n<p>Abaixo, Chris comenta mais sobre os pr\u00eamios, motivos para as empresas participarem e o que os jurados esperam encontrar nos trabalhos participantes.<\/p>\n\n\n\n<p><strong>1. O que \u00e9 o Global Flexo Innovation Awards e por que as empresas devem se inscrever?<\/strong><\/p>\n\n\n\n<p>O Global Flexo Innovation Awards \u00e9 uma premia\u00e7\u00e3o &#8220;\u00fanica\u201d &nbsp;para fornecedores de pr\u00e9-impress\u00e3o, gr\u00e1ficas e marcas que buscam destacar trabalhos inovadores que ultrapassam os limites da flexografia. N\u00e3o olhamos apenas para a amostra impressa; tamb\u00e9m reconhecemos o valor agregado por toda a cadeia produtiva. Procuramos empresas flexogr\u00e1ficas de todos os portes para demonstrar como sua pr\u00f3pria abordagem inovadora em rela\u00e7\u00e3o \u00e0 impress\u00e3o flexogr\u00e1fica, combinada com a tecnologia KODAK FLEXCEL NX, permite que se ofere\u00e7a um valor excepcional.<\/p>\n\n\n\n<p>Em 2018, o primeiro Global Flexo Innovation Awards recebeu mais de 200 inscri\u00e7\u00f5es, comprovando que h\u00e1 um grande n\u00famero de empresas com hist\u00f3rias motivacionais para contar. Para as empresas que est\u00e3o pensando em participar, \u00e9 uma oportunidade de comemorar o trabalho \u00e1rduo e o talento de sua equipe. Al\u00e9m disso, estamos reunindo pessoas com ideias semelhantes para construir relacionamentos e formar uma rede valiosa de especialistas em flexografia.<\/p>\n\n\n\n<p><strong>2. O que os jurados procuram nos trabalhos?<\/strong><\/p>\n\n\n\n<p>Estaremos avaliando cada inscri\u00e7\u00e3o com base em quatro crit\u00e9rios: o grau de criatividade no design gr\u00e1fico do projeto, a convers\u00e3o de outros processos de impress\u00e3o para flexografia, a efici\u00eancia do fluxo de trabalho da empresa e o n\u00edvel de impress\u00e3o sustent\u00e1vel do projeto.<\/p>\n\n\n\n<p>\u00c9 f\u00e1cil ficar animado com uma nova tecnologia, mas temos que lembrar que \u00e9 um meio para um fim e que n\u00e3o h\u00e1 motivo para investir se voc\u00ea n\u00e3o vai ganhar dinheiro com ela.<\/p>\n\n\n\n<p>\u00c9 por isso que, al\u00e9m de procurar aplica\u00e7\u00f5es exclusivas, queremos ver o que se faz na vida real, no dia a dia, a\u00e7\u00f5es inovadoras para aumentar o lucro, fi\u00e9is ao trabalho que as empresas produzem diariamente, em vez de serem aplicativos inovadores \u00fanicos criados apenas para essa participar do pr\u00eamio.<\/p>\n\n\n\n<p>Tamb\u00e9m gostar\u00edamos de saber como a empresa do participante funciona e quais etapas foram executadas para chegar ao resultado final enviado para o pr\u00eamio. Ent\u00e3o, por exemplo, por que uma tinta espec\u00edfica foi usada? Como foram reunidas as necessidades t\u00e9cnicas da embalagem? Como a configura\u00e7\u00e3o flexogr\u00e1fica possibilitou maior efici\u00eancia? Se n\u00e3o tivermos uma ideia da jornada criativa, ser\u00e1 mais dif\u00edcil para n\u00f3s julgar o trabalho.<\/p>\n\n\n\n<p><strong>3. O que voc\u00ea mais gosta em ser um juiz do Global Flexo Innovation Awards?<\/strong><\/p>\n\n\n\n<p>Apesar de trabalhar na ind\u00fastria flexogr\u00e1fica h\u00e1 mais de 30 anos, sempre fico surpreso com o talento e a inova\u00e7\u00e3o. O que mais gosto em julgar os pr\u00eamios \u00e9 ver como cada inscri\u00e7\u00e3o tem uma vis\u00e3o diferente dos crit\u00e9rios e produz algo que \u00e9 \u00fanico.<\/p>\n\n\n\n<p>Tamb\u00e9m me sinto extremamente honrado por trabalhar com um painel de especialistas do setor com a vasta experi\u00eancia que eles t\u00eam, e adoro ouvir as discuss\u00f5es e a colabora\u00e7\u00e3o que ocorrem durante o processo de julgamento enquanto determinamos as an\u00e1lises dos vencedores. Tenho certeza de que vou aprender muito com eles durante o processo de julgamento.<\/p>\n\n\n\n<p><strong>4. Se voc\u00ea tivesse que dar tr\u00eas dicas importantes para uma empresa que est\u00e1 pensando em se inscrever no Global Flexo Innovation Awards, quais seriam elas?<\/strong><\/p>\n\n\n\n<p>Saiba o que o torna especial &#8211; e conte-nos. No ano passado, uma inscri\u00e7\u00e3o chamou a aten\u00e7\u00e3o dos jurados por seu uso criativo de design em embalagens de ra\u00e7\u00f5es para animais de estima\u00e7\u00e3o. Normalmente, nesse tipo de embalagem, voc\u00ea colocaria uma camada de tinta s\u00f3lida branca antes das outras cores de tinta. Esta empresa eliminou o branco atr\u00e1s da imagem dos olhos do animal de estima\u00e7\u00e3o, imprimindo diretamente na folha e fazendo os olhos brilharem. Foi um uso muito interessante de design criativo.<\/p>\n\n\n\n<p>Em segundo lugar, defina seus padr\u00f5es mais altos. Este ano, o julgamento ser\u00e1 mais rigoroso, pois temos um n\u00edvel mais amplo e profundo de experi\u00eancia em nosso painel, que inclui especialistas t\u00e9cnicos, acad\u00eamicos, gerentes de marca e pesquisadores. Como resultado, cada inscri\u00e7\u00e3o ser\u00e1 examinada sob v\u00e1rias perspectivas para medir seu impacto hol\u00edstico na cadeia de valor. Estamos tentando demonstrar como o processo de flexografia continua a inovar e crescer, e a se tornar uma ferramenta mais poderosa. Por isso, estamos ansiosos para ver as inscri\u00e7\u00f5es que est\u00e3o impulsionando o n\u00edvel em termos de qualidade do conte\u00fado enviado.<\/p>\n\n\n\n<p>Em terceiro lugar, apoie-se nos fatos. Espero ver apresenta\u00e7\u00f5es mais detalhadas que demonstrem claramente como a flexografia moderna, com a tecnologia FLEXCEL NX, est\u00e1 agregando benef\u00edcios concretos para os resultados financeiros de cada empresa participante, bem como para toda a cadeia de valor. Como evid\u00eancia de como as marcas chegaram \u00e0 amostra final enviada, gostar\u00edamos de ver exemplos de impress\u00f5es produzidas e os processos anteriores que usavam. Dessa forma, podemos realmente avaliar o processo de convers\u00e3o do in\u00edcio ao fim.<\/p>\n\n\n\n<p>Por fim, como algumas inscri\u00e7\u00f5es deram apenas uma quantidade m\u00ednima de informa\u00e7\u00f5es, tivemos que voltar v\u00e1rias vezes para obter mais detalhes, enquanto as empresas que forneceram; por outro lado, as empresas que forneceram mais informa\u00e7\u00f5es tiveram uma chance maior de sucesso.<\/p>\n\n\n\n<p><strong>5. Voc\u00ea pode comentar sobre algumas das tend\u00eancias mais amplas dentro da ind\u00fastria de impress\u00e3o flexogr\u00e1fica, como elas evolu\u00edram desde a \u00faltima premia\u00e7\u00e3o e como voc\u00ea espera que se reflitam nas inscri\u00e7\u00f5es dos pr\u00eamios deste ano?<\/strong><\/p>\n\n\n\n<p>A sustentabilidade \u00e9 um fator-chave na ind\u00fastria flexogr\u00e1fica, com muitas gr\u00e1ficas e marcas adotando uma abordagem mais sustent\u00e1vel. Um crit\u00e9rio-chave na premia\u00e7\u00e3o \u00e9 termos uma vis\u00e3o geral da estrat\u00e9gia de neg\u00f3cios do participante em rela\u00e7\u00e3o \u00e0 sustentabilidade, como ela foi inserida no projeto (por exemplo, materiais sustent\u00e1veis, tintas, redu\u00e7\u00e3o de res\u00edduos, etc.) e como eles est\u00e3o aumentando seu di\u00e1logo com os clientes sobre esse assunto.<\/p>\n\n\n\n<p>A segunda tend\u00eancia-chave est\u00e1 bem ligada \u00e0 sustentabilidade &#8211; a evolu\u00e7\u00e3o dos substratos usados \u200b\u200bpara impress\u00e3o flexogr\u00e1fica. As empresas j\u00e1 est\u00e3o trabalhando com v\u00e1rios substratos diferentes, incluindo papel\u00e3o ondulado, papel, papel alum\u00ednio e filmes pl\u00e1sticos, mas na premia\u00e7\u00e3o esperamos v\u00ea-los trabalhando com alguns novos substratos, como materiais recicl\u00e1veis, e entender como o processo flexogr\u00e1fico moderno atende os desafios que v\u00eam com esses substratos.<\/p>\n\n\n\n<p>Nos \u00faltimos anos, tamb\u00e9m vimos o aumento do com\u00e9rcio eletr\u00f4nico, o que levou muitas marcas a reavaliarem suas estrat\u00e9gias e olhar al\u00e9m das lojas f\u00edsicas, considerando projetos diferentes para seus produtos e embalagens para promo\u00e7\u00f5es online e envio ao consumidor.<\/p>\n\n\n\n<p>Estou surpreso em ver como isso est\u00e1 impactando as estrat\u00e9gias de nossos participantes e como eles est\u00e3o implementando isso em seu design e produ\u00e7\u00e3o de impress\u00e3o e embalagem.<\/p>\n\n\n\n<p>A Flexo est\u00e1 em uma trajet\u00f3ria ascendente h\u00e1 v\u00e1rias d\u00e9cadas e, embora a crise do Covid-19 certamente tenha impactado a ind\u00fastria, tamb\u00e9m mostrou o qu\u00e3o resiliente e adapt\u00e1vel o mercado pode ser. Um dos principais usos da impress\u00e3o flexogr\u00e1fica \u00e9 a cria\u00e7\u00e3o de embalagens descart\u00e1veis, cujo uso aumentou drasticamente por raz\u00f5es de higiene.<\/p>\n\n\n\n<p>Estou ansioso para julgar os pr\u00eamios novamente neste ano, e ver como as empresas evolu\u00edram e inovaram, e, como durante a crise, conseguiram manter e fazer crescer seus neg\u00f3cios, pois acredito que \u00e9 a\u00ed que reside o verdadeiro talento.<\/p>\n\n\n\n<p>O Global Flexo Innovation Awards \u00e9 uma grande oportunidade para os fornecedores de pr\u00e9-impress\u00e3o, gr\u00e1ficas e marcas que usam flexografia serem reconhecidos por sua inova\u00e7\u00e3o e criatividade; ent\u00e3o, eu encorajo todos os que ainda n\u00e3o se inscreveram isso a baixar um formul\u00e1rio em <strong><u>www.transformingflexo.com<\/u><\/strong> e enviar sua inscri\u00e7\u00e3o. O painel de jurados analisar\u00e1 as informa\u00e7\u00f5es eletr\u00f4nicas da inscri\u00e7\u00e3o antes do julgamento e, ent\u00e3o, poder\u00e1 solicitar informa\u00e7\u00f5es adicionais. Portanto, inscri\u00e7\u00f5es antecipadas s\u00e3o importantes.<\/p>\n\n\n\n<p><strong>6. Designers e profissionais gr\u00e1ficos brasileiros s\u00e3o conhecidos mundialmente por sua criatividade. Especificamente, o que voc\u00ea pode comentar sobre as inscri\u00e7\u00f5es do Brasil (e da Am\u00e9rica Latina) para trabalhos usando as solu\u00e7\u00f5es KODAK FLEXCEL no Global Flexo Innovation Award?<\/strong><\/p>\n\n\n\n<p>Recebemos o maior n\u00famero de inscri\u00e7\u00f5es da Am\u00e9rica Latina, o que \u00e9 uma clara indica\u00e7\u00e3o da inova\u00e7\u00e3o e competitividade do setor na regi\u00e3o. A competitividade deve ser considerada tanto no sentido de neg\u00f3cios, quanto na disposi\u00e7\u00e3o de vencer e mostrar ao mundo o que eles podem fazer.<\/p>\n\n\n\n<p>Todas as inscri\u00e7\u00f5es que recebemos da regi\u00e3o seguiram de perto as tend\u00eancias globais em torno da efici\u00eancia na impress\u00e3o, gama de cores estendida, convers\u00e3o de outras tecnologias como gravura para flexografia &#8211; indicando claramente o uso dos recursos da flexografia moderna. Tamb\u00e9m vimos inscri\u00e7\u00f5es na regi\u00e3o, como no resto do mundo, mostrando como a flexografia pode ser eficaz em tiragens curtas para impress\u00e3o promocional possibilitando a realiza\u00e7\u00e3o de novos designs de forma mais r\u00e1pida, eficiente e sem comprometer a qualidade de impress\u00e3o.<\/p>\n\n\n\n<p>Estou familiarizado com a criatividade dos designers brasileiros de sua experi\u00eancia anterior e estou ansioso para ver mais trabalhos criativos e inovadores na competi\u00e7\u00e3o deste ano tamb\u00e9m.<\/p>\n\n\n\n<p><strong>Publicado por:<\/strong><\/p>\n\n\n\n<p class=\"has-very-light-gray-background-color has-background\">PARLA! Assessoria &#8211; Paulo Stucchi &#8211; 11 3413-4416<\/p>","protected":false},"excerpt":{"rendered":"<p>A Miraclon, que comercializa as solu\u00e7\u00f5es KODAK FLEXCEL, est\u00e1 promovendo mais uma edi\u00e7\u00e3o do Global Flexo Innovation Awards.<\/p>","protected":false},"author":18,"featured_media":7616,"comment_status":"open","ping_status":"closed","sticky":false,"template":"","format":"standard","meta":{"footnotes":""},"categories":[458],"tags":[486,559,430],"class_list":["post-8730","post","type-post","status-publish","format-standard","has-post-thumbnail","hentry","category-lancamentos","tag-global-flexo-innovation-awards","tag-kodak-flexcel","tag-miraclon"],"yoast_head":"<!-- This site is optimized with the Yoast SEO Premium plugin v27.1 (Yoast SEO v27.1.1) - https:\/\/yoast.com\/product\/yoast-seo-premium-wordpress\/ -->\n<title>Chris Horton, chefe do j\u00fari do Global Flexo Innovation Awards, fala sobre a premia\u00e7\u00e3o deste ano - ProjetoPack<\/title>\n<meta name=\"description\" content=\"O pr\u00eamio busca reconhecer a inova\u00e7\u00e3o e homenagear as empresas que est\u00e3o na vanguarda da transforma\u00e7\u00e3o da ind\u00fastria flexogr\u00e1fica.\" \/>\n<meta name=\"robots\" content=\"index, follow, max-snippet:-1, max-image-preview:large, max-video-preview:-1\" \/>\n<link rel=\"canonical\" href=\"https:\/\/projetopack.com.br\/en\/chris-horton-chefe-do-juri-do-global-flexo-innovation-awards-fala-sobre-a-premiacao-deste-ano\/\" \/>\n<meta property=\"og:locale\" content=\"en_US\" \/>\n<meta property=\"og:type\" content=\"article\" \/>\n<meta property=\"og:title\" content=\"Chris Horton, chefe do j\u00fari do Global Flexo Innovation Awards, fala sobre a premia\u00e7\u00e3o deste ano\" \/>\n<meta property=\"og:description\" content=\"O pr\u00eamio busca reconhecer a inova\u00e7\u00e3o e homenagear as empresas que est\u00e3o na vanguarda da transforma\u00e7\u00e3o da ind\u00fastria flexogr\u00e1fica.\" \/>\n<meta property=\"og:url\" content=\"https:\/\/projetopack.com.br\/en\/chris-horton-chefe-do-juri-do-global-flexo-innovation-awards-fala-sobre-a-premiacao-deste-ano\/\" \/>\n<meta property=\"og:site_name\" content=\"ProjetoPack\" \/>\n<meta property=\"article:published_time\" content=\"2021-01-14T18:44:14+00:00\" \/>\n<meta property=\"article:modified_time\" content=\"2021-04-27T05:29:30+00:00\" \/>\n<meta property=\"og:image\" content=\"https:\/\/projetopack.com.br\/wp-content\/uploads\/2020\/10\/logo-miraclon.png\" \/>\n\t<meta property=\"og:image:width\" content=\"256\" \/>\n\t<meta property=\"og:image:height\" content=\"256\" \/>\n\t<meta property=\"og:image:type\" content=\"image\/png\" \/>\n<meta name=\"author\" content=\"Andrea\" \/>\n<meta name=\"twitter:card\" content=\"summary_large_image\" \/>\n<meta name=\"twitter:creator\" content=\"@ProjetoPack\" \/>\n<meta name=\"twitter:site\" content=\"@ProjetoPack\" \/>\n<meta name=\"twitter:label1\" content=\"Written by\" \/>\n\t<meta name=\"twitter:data1\" content=\"Andrea\" \/>\n\t<meta name=\"twitter:label2\" content=\"Est. reading time\" \/>\n\t<meta name=\"twitter:data2\" content=\"7 minutes\" \/>\n<script type=\"application\/ld+json\" class=\"yoast-schema-graph\">{\"@context\":\"https:\/\/schema.org\",\"@graph\":[{\"@type\":\"Article\",\"@id\":\"https:\/\/projetopack.com.br\/en\/chris-horton-chefe-do-juri-do-global-flexo-innovation-awards-fala-sobre-a-premiacao-deste-ano\/#article\",\"isPartOf\":{\"@id\":\"https:\/\/projetopack.com.br\/en\/chris-horton-chefe-do-juri-do-global-flexo-innovation-awards-fala-sobre-a-premiacao-deste-ano\/\"},\"author\":{\"name\":\"Andrea\",\"@id\":\"https:\/\/projetopack.com.br\/#\/schema\/person\/d17c72a4bc2b7e461496dd8a14d4cef1\"},\"headline\":\"Chris Horton, chefe do j\u00fari do Global Flexo Innovation Awards, fala sobre a premia\u00e7\u00e3o deste ano\",\"datePublished\":\"2021-01-14T18:44:14+00:00\",\"dateModified\":\"2021-04-27T05:29:30+00:00\",\"mainEntityOfPage\":{\"@id\":\"https:\/\/projetopack.com.br\/en\/chris-horton-chefe-do-juri-do-global-flexo-innovation-awards-fala-sobre-a-premiacao-deste-ano\/\"},\"wordCount\":1733,\"commentCount\":0,\"publisher\":{\"@id\":\"https:\/\/projetopack.com.br\/#organization\"},\"image\":{\"@id\":\"https:\/\/projetopack.com.br\/en\/chris-horton-chefe-do-juri-do-global-flexo-innovation-awards-fala-sobre-a-premiacao-deste-ano\/#primaryimage\"},\"thumbnailUrl\":\"https:\/\/projetopack.com.br\/wp-content\/uploads\/2020\/10\/logo-miraclon.png\",\"keywords\":[\"Global Flexo Innovation Awards\",\"kodak flexcel\",\"miraclon\"],\"articleSection\":[\"Lan\u00e7amentos\"],\"inLanguage\":\"en-US\",\"potentialAction\":[{\"@type\":\"CommentAction\",\"name\":\"Comment\",\"target\":[\"https:\/\/projetopack.com.br\/en\/chris-horton-chefe-do-juri-do-global-flexo-innovation-awards-fala-sobre-a-premiacao-deste-ano\/#respond\"]}]},{\"@type\":\"WebPage\",\"@id\":\"https:\/\/projetopack.com.br\/en\/chris-horton-chefe-do-juri-do-global-flexo-innovation-awards-fala-sobre-a-premiacao-deste-ano\/\",\"url\":\"https:\/\/projetopack.com.br\/en\/chris-horton-chefe-do-juri-do-global-flexo-innovation-awards-fala-sobre-a-premiacao-deste-ano\/\",\"name\":\"Chris Horton, chefe do j\u00fari do Global Flexo Innovation Awards, fala sobre a premia\u00e7\u00e3o deste ano - ProjetoPack\",\"isPartOf\":{\"@id\":\"https:\/\/projetopack.com.br\/#website\"},\"primaryImageOfPage\":{\"@id\":\"https:\/\/projetopack.com.br\/en\/chris-horton-chefe-do-juri-do-global-flexo-innovation-awards-fala-sobre-a-premiacao-deste-ano\/#primaryimage\"},\"image\":{\"@id\":\"https:\/\/projetopack.com.br\/en\/chris-horton-chefe-do-juri-do-global-flexo-innovation-awards-fala-sobre-a-premiacao-deste-ano\/#primaryimage\"},\"thumbnailUrl\":\"https:\/\/projetopack.com.br\/wp-content\/uploads\/2020\/10\/logo-miraclon.png\",\"datePublished\":\"2021-01-14T18:44:14+00:00\",\"dateModified\":\"2021-04-27T05:29:30+00:00\",\"description\":\"O pr\u00eamio busca reconhecer a inova\u00e7\u00e3o e homenagear as empresas que est\u00e3o na vanguarda da transforma\u00e7\u00e3o da ind\u00fastria flexogr\u00e1fica.\",\"breadcrumb\":{\"@id\":\"https:\/\/projetopack.com.br\/en\/chris-horton-chefe-do-juri-do-global-flexo-innovation-awards-fala-sobre-a-premiacao-deste-ano\/#breadcrumb\"},\"inLanguage\":\"en-US\",\"potentialAction\":[{\"@type\":\"ReadAction\",\"target\":[\"https:\/\/projetopack.com.br\/en\/chris-horton-chefe-do-juri-do-global-flexo-innovation-awards-fala-sobre-a-premiacao-deste-ano\/\"]}]},{\"@type\":\"ImageObject\",\"inLanguage\":\"en-US\",\"@id\":\"https:\/\/projetopack.com.br\/en\/chris-horton-chefe-do-juri-do-global-flexo-innovation-awards-fala-sobre-a-premiacao-deste-ano\/#primaryimage\",\"url\":\"https:\/\/projetopack.com.br\/wp-content\/uploads\/2020\/10\/logo-miraclon.png\",\"contentUrl\":\"https:\/\/projetopack.com.br\/wp-content\/uploads\/2020\/10\/logo-miraclon.png\",\"width\":256,\"height\":256},{\"@type\":\"BreadcrumbList\",\"@id\":\"https:\/\/projetopack.com.br\/en\/chris-horton-chefe-do-juri-do-global-flexo-innovation-awards-fala-sobre-a-premiacao-deste-ano\/#breadcrumb\",\"itemListElement\":[{\"@type\":\"ListItem\",\"position\":1,\"name\":\"P\u00e1gina Inicial\",\"item\":\"https:\/\/projetopack.com.br\/\"},{\"@type\":\"ListItem\",\"position\":2,\"name\":\"Lan\u00e7amentos\",\"item\":\"https:\/\/projetopack.com.br\/category\/lancamentos\/\"},{\"@type\":\"ListItem\",\"position\":3,\"name\":\"Chris Horton, chefe do j\u00fari do Global Flexo Innovation Awards, fala sobre a premia\u00e7\u00e3o deste ano\"}]},{\"@type\":\"WebSite\",\"@id\":\"https:\/\/projetopack.com.br\/#website\",\"url\":\"https:\/\/projetopack.com.br\/\",\"name\":\"ProjetoPack\",\"description\":\"Consultoria e servi\u00e7os para embalagens, r\u00f3tulos, etiquetas e processos de impress\u00e3o\",\"publisher\":{\"@id\":\"https:\/\/projetopack.com.br\/#organization\"},\"potentialAction\":[{\"@type\":\"SearchAction\",\"target\":{\"@type\":\"EntryPoint\",\"urlTemplate\":\"https:\/\/projetopack.com.br\/?s={search_term_string}\"},\"query-input\":{\"@type\":\"PropertyValueSpecification\",\"valueRequired\":true,\"valueName\":\"search_term_string\"}}],\"inLanguage\":\"en-US\"},{\"@type\":\"Organization\",\"@id\":\"https:\/\/projetopack.com.br\/#organization\",\"name\":\"ProjetoPack & Associados\",\"url\":\"https:\/\/projetopack.com.br\/\",\"logo\":{\"@type\":\"ImageObject\",\"inLanguage\":\"en-US\",\"@id\":\"https:\/\/projetopack.com.br\/#\/schema\/logo\/image\/\",\"url\":\"https:\/\/projetopack.com.br\/wp-content\/uploads\/2020\/09\/projetopack.png\",\"contentUrl\":\"https:\/\/projetopack.com.br\/wp-content\/uploads\/2020\/09\/projetopack.png\",\"width\":200,\"height\":200,\"caption\":\"ProjetoPack & Associados\"},\"image\":{\"@id\":\"https:\/\/projetopack.com.br\/#\/schema\/logo\/image\/\"},\"sameAs\":[\"https:\/\/x.com\/ProjetoPack\",\"https:\/\/www.linkedin.com\/company\/projetopack\/\"]},{\"@type\":\"Person\",\"@id\":\"https:\/\/projetopack.com.br\/#\/schema\/person\/d17c72a4bc2b7e461496dd8a14d4cef1\",\"name\":\"Andrea\",\"image\":{\"@type\":\"ImageObject\",\"inLanguage\":\"en-US\",\"@id\":\"https:\/\/projetopack.com.br\/#\/schema\/person\/image\/\",\"url\":\"https:\/\/projetopack.com.br\/wp-content\/uploads\/2026\/03\/eu-150x150.jpg\",\"contentUrl\":\"https:\/\/projetopack.com.br\/wp-content\/uploads\/2026\/03\/eu-150x150.jpg\",\"caption\":\"Andrea\"},\"url\":\"https:\/\/projetopack.com.br\/en\/author\/andrea\/\"}]}<\/script>\n<!-- \/ Yoast SEO Premium plugin. -->","yoast_head_json":{"title":"Chris Horton, chefe do j\u00fari do Global Flexo Innovation Awards, fala sobre a premia\u00e7\u00e3o deste ano - ProjetoPack","description":"O pr\u00eamio busca reconhecer a inova\u00e7\u00e3o e homenagear as empresas que est\u00e3o na vanguarda da transforma\u00e7\u00e3o da ind\u00fastria flexogr\u00e1fica.","robots":{"index":"index","follow":"follow","max-snippet":"max-snippet:-1","max-image-preview":"max-image-preview:large","max-video-preview":"max-video-preview:-1"},"canonical":"https:\/\/projetopack.com.br\/en\/chris-horton-chefe-do-juri-do-global-flexo-innovation-awards-fala-sobre-a-premiacao-deste-ano\/","og_locale":"en_US","og_type":"article","og_title":"Chris Horton, chefe do j\u00fari do Global Flexo Innovation Awards, fala sobre a premia\u00e7\u00e3o deste ano","og_description":"O pr\u00eamio busca reconhecer a inova\u00e7\u00e3o e homenagear as empresas que est\u00e3o na vanguarda da transforma\u00e7\u00e3o da ind\u00fastria flexogr\u00e1fica.","og_url":"https:\/\/projetopack.com.br\/en\/chris-horton-chefe-do-juri-do-global-flexo-innovation-awards-fala-sobre-a-premiacao-deste-ano\/","og_site_name":"ProjetoPack","article_published_time":"2021-01-14T18:44:14+00:00","article_modified_time":"2021-04-27T05:29:30+00:00","og_image":[{"width":256,"height":256,"url":"https:\/\/projetopack.com.br\/wp-content\/uploads\/2020\/10\/logo-miraclon.png","type":"image\/png"}],"author":"Andrea","twitter_card":"summary_large_image","twitter_creator":"@ProjetoPack","twitter_site":"@ProjetoPack","twitter_misc":{"Written by":"Andrea","Est. reading time":"7 minutes"},"schema":{"@context":"https:\/\/schema.org","@graph":[{"@type":"Article","@id":"https:\/\/projetopack.com.br\/en\/chris-horton-chefe-do-juri-do-global-flexo-innovation-awards-fala-sobre-a-premiacao-deste-ano\/#article","isPartOf":{"@id":"https:\/\/projetopack.com.br\/en\/chris-horton-chefe-do-juri-do-global-flexo-innovation-awards-fala-sobre-a-premiacao-deste-ano\/"},"author":{"name":"Andrea","@id":"https:\/\/projetopack.com.br\/#\/schema\/person\/d17c72a4bc2b7e461496dd8a14d4cef1"},"headline":"Chris Horton, chefe do j\u00fari do Global Flexo Innovation Awards, fala sobre a premia\u00e7\u00e3o deste ano","datePublished":"2021-01-14T18:44:14+00:00","dateModified":"2021-04-27T05:29:30+00:00","mainEntityOfPage":{"@id":"https:\/\/projetopack.com.br\/en\/chris-horton-chefe-do-juri-do-global-flexo-innovation-awards-fala-sobre-a-premiacao-deste-ano\/"},"wordCount":1733,"commentCount":0,"publisher":{"@id":"https:\/\/projetopack.com.br\/#organization"},"image":{"@id":"https:\/\/projetopack.com.br\/en\/chris-horton-chefe-do-juri-do-global-flexo-innovation-awards-fala-sobre-a-premiacao-deste-ano\/#primaryimage"},"thumbnailUrl":"https:\/\/projetopack.com.br\/wp-content\/uploads\/2020\/10\/logo-miraclon.png","keywords":["Global Flexo Innovation Awards","kodak flexcel","miraclon"],"articleSection":["Lan\u00e7amentos"],"inLanguage":"en-US","potentialAction":[{"@type":"CommentAction","name":"Comment","target":["https:\/\/projetopack.com.br\/en\/chris-horton-chefe-do-juri-do-global-flexo-innovation-awards-fala-sobre-a-premiacao-deste-ano\/#respond"]}]},{"@type":"WebPage","@id":"https:\/\/projetopack.com.br\/en\/chris-horton-chefe-do-juri-do-global-flexo-innovation-awards-fala-sobre-a-premiacao-deste-ano\/","url":"https:\/\/projetopack.com.br\/en\/chris-horton-chefe-do-juri-do-global-flexo-innovation-awards-fala-sobre-a-premiacao-deste-ano\/","name":"Chris Horton, chefe do j\u00fari do Global Flexo Innovation Awards, fala sobre a premia\u00e7\u00e3o deste ano - ProjetoPack","isPartOf":{"@id":"https:\/\/projetopack.com.br\/#website"},"primaryImageOfPage":{"@id":"https:\/\/projetopack.com.br\/en\/chris-horton-chefe-do-juri-do-global-flexo-innovation-awards-fala-sobre-a-premiacao-deste-ano\/#primaryimage"},"image":{"@id":"https:\/\/projetopack.com.br\/en\/chris-horton-chefe-do-juri-do-global-flexo-innovation-awards-fala-sobre-a-premiacao-deste-ano\/#primaryimage"},"thumbnailUrl":"https:\/\/projetopack.com.br\/wp-content\/uploads\/2020\/10\/logo-miraclon.png","datePublished":"2021-01-14T18:44:14+00:00","dateModified":"2021-04-27T05:29:30+00:00","description":"O pr\u00eamio busca reconhecer a inova\u00e7\u00e3o e homenagear as empresas que est\u00e3o na vanguarda da transforma\u00e7\u00e3o da ind\u00fastria flexogr\u00e1fica.","breadcrumb":{"@id":"https:\/\/projetopack.com.br\/en\/chris-horton-chefe-do-juri-do-global-flexo-innovation-awards-fala-sobre-a-premiacao-deste-ano\/#breadcrumb"},"inLanguage":"en-US","potentialAction":[{"@type":"ReadAction","target":["https:\/\/projetopack.com.br\/en\/chris-horton-chefe-do-juri-do-global-flexo-innovation-awards-fala-sobre-a-premiacao-deste-ano\/"]}]},{"@type":"ImageObject","inLanguage":"en-US","@id":"https:\/\/projetopack.com.br\/en\/chris-horton-chefe-do-juri-do-global-flexo-innovation-awards-fala-sobre-a-premiacao-deste-ano\/#primaryimage","url":"https:\/\/projetopack.com.br\/wp-content\/uploads\/2020\/10\/logo-miraclon.png","contentUrl":"https:\/\/projetopack.com.br\/wp-content\/uploads\/2020\/10\/logo-miraclon.png","width":256,"height":256},{"@type":"BreadcrumbList","@id":"https:\/\/projetopack.com.br\/en\/chris-horton-chefe-do-juri-do-global-flexo-innovation-awards-fala-sobre-a-premiacao-deste-ano\/#breadcrumb","itemListElement":[{"@type":"ListItem","position":1,"name":"P\u00e1gina Inicial","item":"https:\/\/projetopack.com.br\/"},{"@type":"ListItem","position":2,"name":"Lan\u00e7amentos","item":"https:\/\/projetopack.com.br\/category\/lancamentos\/"},{"@type":"ListItem","position":3,"name":"Chris Horton, chefe do j\u00fari do Global Flexo Innovation Awards, fala sobre a premia\u00e7\u00e3o deste ano"}]},{"@type":"WebSite","@id":"https:\/\/projetopack.com.br\/#website","url":"https:\/\/projetopack.com.br\/","name":"ProjetoPack","description":"Consultoria e servi\u00e7os para embalagens, r\u00f3tulos, etiquetas e processos de impress\u00e3o","publisher":{"@id":"https:\/\/projetopack.com.br\/#organization"},"potentialAction":[{"@type":"SearchAction","target":{"@type":"EntryPoint","urlTemplate":"https:\/\/projetopack.com.br\/?s={search_term_string}"},"query-input":{"@type":"PropertyValueSpecification","valueRequired":true,"valueName":"search_term_string"}}],"inLanguage":"en-US"},{"@type":"Organization","@id":"https:\/\/projetopack.com.br\/#organization","name":"ProjetoPack & Associados","url":"https:\/\/projetopack.com.br\/","logo":{"@type":"ImageObject","inLanguage":"en-US","@id":"https:\/\/projetopack.com.br\/#\/schema\/logo\/image\/","url":"https:\/\/projetopack.com.br\/wp-content\/uploads\/2020\/09\/projetopack.png","contentUrl":"https:\/\/projetopack.com.br\/wp-content\/uploads\/2020\/09\/projetopack.png","width":200,"height":200,"caption":"ProjetoPack & Associados"},"image":{"@id":"https:\/\/projetopack.com.br\/#\/schema\/logo\/image\/"},"sameAs":["https:\/\/x.com\/ProjetoPack","https:\/\/www.linkedin.com\/company\/projetopack\/"]},{"@type":"Person","@id":"https:\/\/projetopack.com.br\/#\/schema\/person\/d17c72a4bc2b7e461496dd8a14d4cef1","name":"Andrea","image":{"@type":"ImageObject","inLanguage":"en-US","@id":"https:\/\/projetopack.com.br\/#\/schema\/person\/image\/","url":"https:\/\/projetopack.com.br\/wp-content\/uploads\/2026\/03\/eu-150x150.jpg","contentUrl":"https:\/\/projetopack.com.br\/wp-content\/uploads\/2026\/03\/eu-150x150.jpg","caption":"Andrea"},"url":"https:\/\/projetopack.com.br\/en\/author\/andrea\/"}]}},"_links":{"self":[{"href":"https:\/\/projetopack.com.br\/en\/wp-json\/wp\/v2\/posts\/8730","targetHints":{"allow":["GET"]}}],"collection":[{"href":"https:\/\/projetopack.com.br\/en\/wp-json\/wp\/v2\/posts"}],"about":[{"href":"https:\/\/projetopack.com.br\/en\/wp-json\/wp\/v2\/types\/post"}],"author":[{"embeddable":true,"href":"https:\/\/projetopack.com.br\/en\/wp-json\/wp\/v2\/users\/18"}],"replies":[{"embeddable":true,"href":"https:\/\/projetopack.com.br\/en\/wp-json\/wp\/v2\/comments?post=8730"}],"version-history":[{"count":0,"href":"https:\/\/projetopack.com.br\/en\/wp-json\/wp\/v2\/posts\/8730\/revisions"}],"wp:featuredmedia":[{"embeddable":true,"href":"https:\/\/projetopack.com.br\/en\/wp-json\/wp\/v2\/media\/7616"}],"wp:attachment":[{"href":"https:\/\/projetopack.com.br\/en\/wp-json\/wp\/v2\/media?parent=8730"}],"wp:term":[{"taxonomy":"category","embeddable":true,"href":"https:\/\/projetopack.com.br\/en\/wp-json\/wp\/v2\/categories?post=8730"},{"taxonomy":"post_tag","embeddable":true,"href":"https:\/\/projetopack.com.br\/en\/wp-json\/wp\/v2\/tags?post=8730"}],"curies":[{"name":"wp","href":"https:\/\/api.w.org\/{rel}","templated":true}]}}