{"id":8883,"date":"2021-01-22T18:01:18","date_gmt":"2021-01-22T21:01:18","guid":{"rendered":"https:\/\/www.projetopack.com.br\/?p=8883"},"modified":"2021-04-27T02:26:50","modified_gmt":"2021-04-27T05:26:50","slug":"epson-e-mack-color-inauguram-espaco-de-experimentacao-em-impressao-digital","status":"publish","type":"post","link":"https:\/\/projetopack.com.br\/en\/epson-e-mack-color-inauguram-espaco-de-experimentacao-em-impressao-digital\/","title":{"rendered":"Epson e Mack Color inauguram espa\u00e7o de experimenta\u00e7\u00e3o em impress\u00e3o digital"},"content":{"rendered":"<figure class=\"wp-block-image\"><img decoding=\"async\" src=\"https:\/\/assets.mktnaweb.com\/accounts\/2016\/01\/22\/62917\/pictures\/218\/original_WhatsApp_Image_2021-01-19_at_11.05.11.jpeg?1611065366\" alt=\"\"\/><\/figure>\n\n\n\n<p class=\"has-text-align-center\"><em><strong>Epson &amp; Mack Color Lab visa promover solu\u00e7\u00f5es mais r\u00e1pidas para<br>produ\u00e7\u00e3o de&nbsp;r\u00f3tulos e etiquetas auto adesivas em alta qualidade,<br>sob demanda&nbsp;para pequenas tiragens.<\/strong><\/em><\/p>\n\n\n\n<p>A Epson, l\u00edder mundial em impress\u00e3o e imagem digital, se uniu a Mack Color, refer\u00eancia em produ\u00e7\u00e3o de auto adesivos, r\u00f3tulos e etiquetas, para inaugurar o Epson &amp; Mack Color Lab, um showroom equipado com solu\u00e7\u00f5es Epson de impress\u00e3o digital em r\u00f3tulos e etiquetas de diversos tamanhos, coloridas e em P&amp;B. A iniciativa tem como objetivo difundir a linha ColorWorks da Epson, para impress\u00e3o em material autoadesivo de forma mais eficiente, r\u00e1pida, com maior qualidade e que permita a personaliza\u00e7\u00e3o.<\/p>\n\n\n\n<p><em>\u201cExistem diversas tecnologias de converter etiquetas ou r\u00f3tulos auto adesivos, a Mack Color \u00e9 tradicionalmente conhecida h\u00e1 36 anos por conseguir hibridamente combinar diversos m\u00e9todos de impress\u00e3o, com in\u00fameros tipos de acabamentos diferenciados. Por\u00e9m, muitos clientes nos procuram com a necessidade de etiquetas simples, com qualidade de impress\u00e3o, resistente a humidade e rapidez na entrega. Para atender a esse p\u00fablico a uni\u00e3o da Mack Color com a EPSON na linha ColorWorks foi perfeita. A<\/em><em> otimiza\u00e7\u00e3o dos processos de etiquetagem para segmentos que exigem mais flexibilidade, ajuda a acelerar o lan\u00e7amento de produtos, viabiliza produ\u00e7\u00f5es emergenciais, flexibiliza as linhas de produ\u00e7\u00e3o e elimina estoques de r\u00f3tulos pr\u00e9-impressos\u201d.<\/em> Segundo Marcos Rossi, diretor da Mack Color.<\/p>\n\n\n\n<p>O Epson &amp; Mack Color Lab ter\u00e1 3 modelos de equipamentos, a ColorWorks&nbsp; TM-C7500G e a TM-C3500, que s\u00e3o impressoras de at\u00e9 4 polegadas de largura, para tiragens maiores em processos industriais e pequenas tiragens respectivamente, e a ColorWorks TM-C6500A, que permite impress\u00e3o de at\u00e9 8 polegadas de largura, atendendo a diversos segmentos incluindo setor qu\u00edmico com as etiquetas no padr\u00e3o GHS.<\/p>\n\n\n\n<p>As impressoras Epson ColorWorks eliminam em in\u00fameras situa\u00e7\u00f5es a necessidade de utilizar etiquetas pr\u00e9 impressas em uma gr\u00e1fica, uma vez que permitem que todo o conte\u00fado possa ser impresso no momento em que a mesma ser\u00e1 utilizada, trazendo mais flexibilidade e efici\u00eancia no fluxo de trabalho. <em>\u201cEsse era um ponto de grande frustra\u00e7\u00e3o dos nossos clientes, que acabavam perdendo dinheiro com impress\u00f5es desnecess\u00e1rias ou quando h\u00e1 mudan\u00e7as no design exigidos para os padr\u00f5es das etiquetas\u201d, <\/em>comenta Mateus Larrabure, gerente de Produtos da Epson.<\/p>\n\n\n\n<p>O novo espa\u00e7o da Epson e da Mack Color est\u00e1 aberto para visita\u00e7\u00e3o a partir desta quinta-feira, dia 21. Seguindo todos os protocolos de seguran\u00e7a sanit\u00e1ria, o uso de m\u00e1scaras \u00e9 obrigat\u00f3rio e totens de \u00e1lcool em gel tamb\u00e9m estar\u00e3o dispon\u00edveis. Haver\u00e1 limita\u00e7\u00e3o da quantidade de visitantes, sendo necess\u00e1rio agendamento pr\u00e9vio <a href=\"https:\/\/webforms.pipedrive.com\/f\/1r3P6Qvme9gBp70YX9Frf0EJ4P8GZiFIBaB6XhN4MRj642aIWT3O0KL5DKbafL1yX\" target=\"_blank\" rel=\"noreferrer noopener\"><strong>clicando aqui<\/strong><strong>.<\/strong><\/a><\/p>\n\n\n\n<p class=\"has-cyan-bluish-gray-background-color has-background\"><strong>Servi\u00e7o:<\/strong><br>Epson &amp; Mack Color Lab<br>Rua&nbsp;Forte do Rio do Branco, 71 \u2013 Parque S\u00e3o Louren\u00e7o<br>S\u00e3o Paulo \u2013 SP \u2013 CEP 08340-140<br><strong>Voc\u00ea tamb\u00e9m pode agendar&nbsp;sua visita pelo telefone&nbsp;(11) 2095-4499<\/strong><strong><br>ou pelo e-mail: <\/strong><a href=\"mailto:colorworks@mackcolor.com.br?subject=Epson%20%26%20Mack%20Color%20Lab\">colorworks@mackcolor.com.br<\/a><\/p>","protected":false},"excerpt":{"rendered":"<p>A Epson e Mack Color unem-se em centro de experimenta\u00e7\u00e3o digital<\/p>","protected":false},"author":18,"featured_media":9033,"comment_status":"open","ping_status":"closed","sticky":false,"template":"","format":"standard","meta":{"footnotes":""},"categories":[458],"tags":[586,587,585],"class_list":["post-8883","post","type-post","status-publish","format-standard","has-post-thumbnail","hentry","category-lancamentos","tag-epson","tag-epson-mack-color-lab","tag-mack-color"],"yoast_head":"<!-- This site is optimized with the Yoast SEO Premium plugin v27.1 (Yoast SEO v27.1.1) - https:\/\/yoast.com\/product\/yoast-seo-premium-wordpress\/ -->\n<title>Epson e Mack Color inauguram espa\u00e7o de experimenta\u00e7\u00e3o em impress\u00e3o digital - ProjetoPack<\/title>\n<meta name=\"description\" content=\"Epson &amp; Mack Color Lab visa promover solu\u00e7\u00f5es mais r\u00e1pidas para produ\u00e7\u00e3o de r\u00f3tulos e etiquetas auto adesivas para pequenas tiragens.\" \/>\n<meta name=\"robots\" content=\"index, follow, max-snippet:-1, max-image-preview:large, max-video-preview:-1\" \/>\n<link rel=\"canonical\" href=\"https:\/\/projetopack.com.br\/en\/epson-e-mack-color-inauguram-espaco-de-experimentacao-em-impressao-digital\/\" \/>\n<meta property=\"og:locale\" content=\"en_US\" \/>\n<meta property=\"og:type\" content=\"article\" \/>\n<meta property=\"og:title\" content=\"Epson e Mack Color inauguram espa\u00e7o de experimenta\u00e7\u00e3o em impress\u00e3o digital\" \/>\n<meta property=\"og:description\" content=\"Epson &amp; Mack Color Lab visa promover solu\u00e7\u00f5es mais r\u00e1pidas para produ\u00e7\u00e3o de r\u00f3tulos e etiquetas auto adesivas para pequenas tiragens.\" \/>\n<meta property=\"og:url\" content=\"https:\/\/projetopack.com.br\/en\/epson-e-mack-color-inauguram-espaco-de-experimentacao-em-impressao-digital\/\" \/>\n<meta property=\"og:site_name\" content=\"ProjetoPack\" \/>\n<meta property=\"article:published_time\" content=\"2021-01-22T21:01:18+00:00\" \/>\n<meta property=\"article:modified_time\" content=\"2021-04-27T05:26:50+00:00\" \/>\n<meta property=\"og:image\" content=\"https:\/\/projetopack.com.br\/wp-content\/uploads\/2021\/01\/original_WhatsApp_Image_2021-01-19_at_11.05.11.jpeg\" \/>\n\t<meta property=\"og:image:width\" content=\"1000\" \/>\n\t<meta property=\"og:image:height\" content=\"666\" \/>\n\t<meta property=\"og:image:type\" content=\"image\/jpeg\" \/>\n<meta name=\"author\" content=\"Andrea\" \/>\n<meta name=\"twitter:card\" content=\"summary_large_image\" \/>\n<meta name=\"twitter:creator\" content=\"@ProjetoPack\" \/>\n<meta name=\"twitter:site\" content=\"@ProjetoPack\" \/>\n<meta name=\"twitter:label1\" content=\"Written by\" \/>\n\t<meta name=\"twitter:data1\" content=\"Andrea\" \/>\n\t<meta name=\"twitter:label2\" content=\"Est. reading time\" \/>\n\t<meta name=\"twitter:data2\" content=\"3 minutes\" \/>\n<script type=\"application\/ld+json\" class=\"yoast-schema-graph\">{\"@context\":\"https:\/\/schema.org\",\"@graph\":[{\"@type\":\"Article\",\"@id\":\"https:\/\/projetopack.com.br\/en\/epson-e-mack-color-inauguram-espaco-de-experimentacao-em-impressao-digital\/#article\",\"isPartOf\":{\"@id\":\"https:\/\/projetopack.com.br\/en\/epson-e-mack-color-inauguram-espaco-de-experimentacao-em-impressao-digital\/\"},\"author\":{\"name\":\"Andrea\",\"@id\":\"https:\/\/projetopack.com.br\/#\/schema\/person\/d17c72a4bc2b7e461496dd8a14d4cef1\"},\"headline\":\"Epson e Mack Color inauguram espa\u00e7o de experimenta\u00e7\u00e3o em impress\u00e3o digital\",\"datePublished\":\"2021-01-22T21:01:18+00:00\",\"dateModified\":\"2021-04-27T05:26:50+00:00\",\"mainEntityOfPage\":{\"@id\":\"https:\/\/projetopack.com.br\/en\/epson-e-mack-color-inauguram-espaco-de-experimentacao-em-impressao-digital\/\"},\"wordCount\":527,\"commentCount\":0,\"publisher\":{\"@id\":\"https:\/\/projetopack.com.br\/#organization\"},\"image\":{\"@id\":\"https:\/\/projetopack.com.br\/en\/epson-e-mack-color-inauguram-espaco-de-experimentacao-em-impressao-digital\/#primaryimage\"},\"thumbnailUrl\":\"https:\/\/projetopack.com.br\/wp-content\/uploads\/2021\/01\/original_WhatsApp_Image_2021-01-19_at_11.05.11.jpeg\",\"keywords\":[\"epson\",\"Epson &amp; Mack Color Lab\",\"mack color\"],\"articleSection\":[\"Lan\u00e7amentos\"],\"inLanguage\":\"en-US\",\"potentialAction\":[{\"@type\":\"CommentAction\",\"name\":\"Comment\",\"target\":[\"https:\/\/projetopack.com.br\/en\/epson-e-mack-color-inauguram-espaco-de-experimentacao-em-impressao-digital\/#respond\"]}]},{\"@type\":\"WebPage\",\"@id\":\"https:\/\/projetopack.com.br\/en\/epson-e-mack-color-inauguram-espaco-de-experimentacao-em-impressao-digital\/\",\"url\":\"https:\/\/projetopack.com.br\/en\/epson-e-mack-color-inauguram-espaco-de-experimentacao-em-impressao-digital\/\",\"name\":\"Epson e Mack Color inauguram espa\u00e7o de experimenta\u00e7\u00e3o em impress\u00e3o digital - ProjetoPack\",\"isPartOf\":{\"@id\":\"https:\/\/projetopack.com.br\/#website\"},\"primaryImageOfPage\":{\"@id\":\"https:\/\/projetopack.com.br\/en\/epson-e-mack-color-inauguram-espaco-de-experimentacao-em-impressao-digital\/#primaryimage\"},\"image\":{\"@id\":\"https:\/\/projetopack.com.br\/en\/epson-e-mack-color-inauguram-espaco-de-experimentacao-em-impressao-digital\/#primaryimage\"},\"thumbnailUrl\":\"https:\/\/projetopack.com.br\/wp-content\/uploads\/2021\/01\/original_WhatsApp_Image_2021-01-19_at_11.05.11.jpeg\",\"datePublished\":\"2021-01-22T21:01:18+00:00\",\"dateModified\":\"2021-04-27T05:26:50+00:00\",\"description\":\"Epson & Mack Color Lab visa promover solu\u00e7\u00f5es mais r\u00e1pidas para produ\u00e7\u00e3o de r\u00f3tulos e etiquetas auto adesivas para pequenas tiragens.\",\"breadcrumb\":{\"@id\":\"https:\/\/projetopack.com.br\/en\/epson-e-mack-color-inauguram-espaco-de-experimentacao-em-impressao-digital\/#breadcrumb\"},\"inLanguage\":\"en-US\",\"potentialAction\":[{\"@type\":\"ReadAction\",\"target\":[\"https:\/\/projetopack.com.br\/en\/epson-e-mack-color-inauguram-espaco-de-experimentacao-em-impressao-digital\/\"]}]},{\"@type\":\"ImageObject\",\"inLanguage\":\"en-US\",\"@id\":\"https:\/\/projetopack.com.br\/en\/epson-e-mack-color-inauguram-espaco-de-experimentacao-em-impressao-digital\/#primaryimage\",\"url\":\"https:\/\/projetopack.com.br\/wp-content\/uploads\/2021\/01\/original_WhatsApp_Image_2021-01-19_at_11.05.11.jpeg\",\"contentUrl\":\"https:\/\/projetopack.com.br\/wp-content\/uploads\/2021\/01\/original_WhatsApp_Image_2021-01-19_at_11.05.11.jpeg\",\"width\":1000,\"height\":666},{\"@type\":\"BreadcrumbList\",\"@id\":\"https:\/\/projetopack.com.br\/en\/epson-e-mack-color-inauguram-espaco-de-experimentacao-em-impressao-digital\/#breadcrumb\",\"itemListElement\":[{\"@type\":\"ListItem\",\"position\":1,\"name\":\"P\u00e1gina Inicial\",\"item\":\"https:\/\/projetopack.com.br\/\"},{\"@type\":\"ListItem\",\"position\":2,\"name\":\"Lan\u00e7amentos\",\"item\":\"https:\/\/projetopack.com.br\/category\/lancamentos\/\"},{\"@type\":\"ListItem\",\"position\":3,\"name\":\"Epson e Mack Color inauguram espa\u00e7o de experimenta\u00e7\u00e3o em impress\u00e3o digital\"}]},{\"@type\":\"WebSite\",\"@id\":\"https:\/\/projetopack.com.br\/#website\",\"url\":\"https:\/\/projetopack.com.br\/\",\"name\":\"ProjetoPack\",\"description\":\"Consultoria e servi\u00e7os para embalagens, r\u00f3tulos, etiquetas e processos de impress\u00e3o\",\"publisher\":{\"@id\":\"https:\/\/projetopack.com.br\/#organization\"},\"potentialAction\":[{\"@type\":\"SearchAction\",\"target\":{\"@type\":\"EntryPoint\",\"urlTemplate\":\"https:\/\/projetopack.com.br\/?s={search_term_string}\"},\"query-input\":{\"@type\":\"PropertyValueSpecification\",\"valueRequired\":true,\"valueName\":\"search_term_string\"}}],\"inLanguage\":\"en-US\"},{\"@type\":\"Organization\",\"@id\":\"https:\/\/projetopack.com.br\/#organization\",\"name\":\"ProjetoPack & Associados\",\"url\":\"https:\/\/projetopack.com.br\/\",\"logo\":{\"@type\":\"ImageObject\",\"inLanguage\":\"en-US\",\"@id\":\"https:\/\/projetopack.com.br\/#\/schema\/logo\/image\/\",\"url\":\"https:\/\/projetopack.com.br\/wp-content\/uploads\/2020\/09\/projetopack.png\",\"contentUrl\":\"https:\/\/projetopack.com.br\/wp-content\/uploads\/2020\/09\/projetopack.png\",\"width\":200,\"height\":200,\"caption\":\"ProjetoPack & Associados\"},\"image\":{\"@id\":\"https:\/\/projetopack.com.br\/#\/schema\/logo\/image\/\"},\"sameAs\":[\"https:\/\/x.com\/ProjetoPack\",\"https:\/\/www.linkedin.com\/company\/projetopack\/\"]},{\"@type\":\"Person\",\"@id\":\"https:\/\/projetopack.com.br\/#\/schema\/person\/d17c72a4bc2b7e461496dd8a14d4cef1\",\"name\":\"Andrea\",\"image\":{\"@type\":\"ImageObject\",\"inLanguage\":\"en-US\",\"@id\":\"https:\/\/projetopack.com.br\/#\/schema\/person\/image\/\",\"url\":\"https:\/\/projetopack.com.br\/wp-content\/uploads\/2026\/03\/eu-150x150.jpg\",\"contentUrl\":\"https:\/\/projetopack.com.br\/wp-content\/uploads\/2026\/03\/eu-150x150.jpg\",\"caption\":\"Andrea\"},\"url\":\"https:\/\/projetopack.com.br\/en\/author\/andrea\/\"}]}<\/script>\n<!-- \/ Yoast SEO Premium plugin. -->","yoast_head_json":{"title":"Epson e Mack Color inauguram espa\u00e7o de experimenta\u00e7\u00e3o em impress\u00e3o digital - ProjetoPack","description":"Epson & Mack Color Lab visa promover solu\u00e7\u00f5es mais r\u00e1pidas para produ\u00e7\u00e3o de r\u00f3tulos e etiquetas auto adesivas para pequenas tiragens.","robots":{"index":"index","follow":"follow","max-snippet":"max-snippet:-1","max-image-preview":"max-image-preview:large","max-video-preview":"max-video-preview:-1"},"canonical":"https:\/\/projetopack.com.br\/en\/epson-e-mack-color-inauguram-espaco-de-experimentacao-em-impressao-digital\/","og_locale":"en_US","og_type":"article","og_title":"Epson e Mack Color inauguram espa\u00e7o de experimenta\u00e7\u00e3o em impress\u00e3o digital","og_description":"Epson & Mack Color Lab visa promover solu\u00e7\u00f5es mais r\u00e1pidas para produ\u00e7\u00e3o de r\u00f3tulos e etiquetas auto adesivas para pequenas tiragens.","og_url":"https:\/\/projetopack.com.br\/en\/epson-e-mack-color-inauguram-espaco-de-experimentacao-em-impressao-digital\/","og_site_name":"ProjetoPack","article_published_time":"2021-01-22T21:01:18+00:00","article_modified_time":"2021-04-27T05:26:50+00:00","og_image":[{"width":1000,"height":666,"url":"https:\/\/projetopack.com.br\/wp-content\/uploads\/2021\/01\/original_WhatsApp_Image_2021-01-19_at_11.05.11.jpeg","type":"image\/jpeg"}],"author":"Andrea","twitter_card":"summary_large_image","twitter_creator":"@ProjetoPack","twitter_site":"@ProjetoPack","twitter_misc":{"Written by":"Andrea","Est. reading time":"3 minutes"},"schema":{"@context":"https:\/\/schema.org","@graph":[{"@type":"Article","@id":"https:\/\/projetopack.com.br\/en\/epson-e-mack-color-inauguram-espaco-de-experimentacao-em-impressao-digital\/#article","isPartOf":{"@id":"https:\/\/projetopack.com.br\/en\/epson-e-mack-color-inauguram-espaco-de-experimentacao-em-impressao-digital\/"},"author":{"name":"Andrea","@id":"https:\/\/projetopack.com.br\/#\/schema\/person\/d17c72a4bc2b7e461496dd8a14d4cef1"},"headline":"Epson e Mack Color inauguram espa\u00e7o de experimenta\u00e7\u00e3o em impress\u00e3o digital","datePublished":"2021-01-22T21:01:18+00:00","dateModified":"2021-04-27T05:26:50+00:00","mainEntityOfPage":{"@id":"https:\/\/projetopack.com.br\/en\/epson-e-mack-color-inauguram-espaco-de-experimentacao-em-impressao-digital\/"},"wordCount":527,"commentCount":0,"publisher":{"@id":"https:\/\/projetopack.com.br\/#organization"},"image":{"@id":"https:\/\/projetopack.com.br\/en\/epson-e-mack-color-inauguram-espaco-de-experimentacao-em-impressao-digital\/#primaryimage"},"thumbnailUrl":"https:\/\/projetopack.com.br\/wp-content\/uploads\/2021\/01\/original_WhatsApp_Image_2021-01-19_at_11.05.11.jpeg","keywords":["epson","Epson &amp; Mack Color Lab","mack color"],"articleSection":["Lan\u00e7amentos"],"inLanguage":"en-US","potentialAction":[{"@type":"CommentAction","name":"Comment","target":["https:\/\/projetopack.com.br\/en\/epson-e-mack-color-inauguram-espaco-de-experimentacao-em-impressao-digital\/#respond"]}]},{"@type":"WebPage","@id":"https:\/\/projetopack.com.br\/en\/epson-e-mack-color-inauguram-espaco-de-experimentacao-em-impressao-digital\/","url":"https:\/\/projetopack.com.br\/en\/epson-e-mack-color-inauguram-espaco-de-experimentacao-em-impressao-digital\/","name":"Epson e Mack Color inauguram espa\u00e7o de experimenta\u00e7\u00e3o em impress\u00e3o digital - ProjetoPack","isPartOf":{"@id":"https:\/\/projetopack.com.br\/#website"},"primaryImageOfPage":{"@id":"https:\/\/projetopack.com.br\/en\/epson-e-mack-color-inauguram-espaco-de-experimentacao-em-impressao-digital\/#primaryimage"},"image":{"@id":"https:\/\/projetopack.com.br\/en\/epson-e-mack-color-inauguram-espaco-de-experimentacao-em-impressao-digital\/#primaryimage"},"thumbnailUrl":"https:\/\/projetopack.com.br\/wp-content\/uploads\/2021\/01\/original_WhatsApp_Image_2021-01-19_at_11.05.11.jpeg","datePublished":"2021-01-22T21:01:18+00:00","dateModified":"2021-04-27T05:26:50+00:00","description":"Epson & Mack Color Lab visa promover solu\u00e7\u00f5es mais r\u00e1pidas para produ\u00e7\u00e3o de r\u00f3tulos e etiquetas auto adesivas para pequenas tiragens.","breadcrumb":{"@id":"https:\/\/projetopack.com.br\/en\/epson-e-mack-color-inauguram-espaco-de-experimentacao-em-impressao-digital\/#breadcrumb"},"inLanguage":"en-US","potentialAction":[{"@type":"ReadAction","target":["https:\/\/projetopack.com.br\/en\/epson-e-mack-color-inauguram-espaco-de-experimentacao-em-impressao-digital\/"]}]},{"@type":"ImageObject","inLanguage":"en-US","@id":"https:\/\/projetopack.com.br\/en\/epson-e-mack-color-inauguram-espaco-de-experimentacao-em-impressao-digital\/#primaryimage","url":"https:\/\/projetopack.com.br\/wp-content\/uploads\/2021\/01\/original_WhatsApp_Image_2021-01-19_at_11.05.11.jpeg","contentUrl":"https:\/\/projetopack.com.br\/wp-content\/uploads\/2021\/01\/original_WhatsApp_Image_2021-01-19_at_11.05.11.jpeg","width":1000,"height":666},{"@type":"BreadcrumbList","@id":"https:\/\/projetopack.com.br\/en\/epson-e-mack-color-inauguram-espaco-de-experimentacao-em-impressao-digital\/#breadcrumb","itemListElement":[{"@type":"ListItem","position":1,"name":"P\u00e1gina Inicial","item":"https:\/\/projetopack.com.br\/"},{"@type":"ListItem","position":2,"name":"Lan\u00e7amentos","item":"https:\/\/projetopack.com.br\/category\/lancamentos\/"},{"@type":"ListItem","position":3,"name":"Epson e Mack Color inauguram espa\u00e7o de experimenta\u00e7\u00e3o em impress\u00e3o digital"}]},{"@type":"WebSite","@id":"https:\/\/projetopack.com.br\/#website","url":"https:\/\/projetopack.com.br\/","name":"ProjetoPack","description":"Consultoria e servi\u00e7os para embalagens, r\u00f3tulos, etiquetas e processos de impress\u00e3o","publisher":{"@id":"https:\/\/projetopack.com.br\/#organization"},"potentialAction":[{"@type":"SearchAction","target":{"@type":"EntryPoint","urlTemplate":"https:\/\/projetopack.com.br\/?s={search_term_string}"},"query-input":{"@type":"PropertyValueSpecification","valueRequired":true,"valueName":"search_term_string"}}],"inLanguage":"en-US"},{"@type":"Organization","@id":"https:\/\/projetopack.com.br\/#organization","name":"ProjetoPack & Associados","url":"https:\/\/projetopack.com.br\/","logo":{"@type":"ImageObject","inLanguage":"en-US","@id":"https:\/\/projetopack.com.br\/#\/schema\/logo\/image\/","url":"https:\/\/projetopack.com.br\/wp-content\/uploads\/2020\/09\/projetopack.png","contentUrl":"https:\/\/projetopack.com.br\/wp-content\/uploads\/2020\/09\/projetopack.png","width":200,"height":200,"caption":"ProjetoPack & Associados"},"image":{"@id":"https:\/\/projetopack.com.br\/#\/schema\/logo\/image\/"},"sameAs":["https:\/\/x.com\/ProjetoPack","https:\/\/www.linkedin.com\/company\/projetopack\/"]},{"@type":"Person","@id":"https:\/\/projetopack.com.br\/#\/schema\/person\/d17c72a4bc2b7e461496dd8a14d4cef1","name":"Andrea","image":{"@type":"ImageObject","inLanguage":"en-US","@id":"https:\/\/projetopack.com.br\/#\/schema\/person\/image\/","url":"https:\/\/projetopack.com.br\/wp-content\/uploads\/2026\/03\/eu-150x150.jpg","contentUrl":"https:\/\/projetopack.com.br\/wp-content\/uploads\/2026\/03\/eu-150x150.jpg","caption":"Andrea"},"url":"https:\/\/projetopack.com.br\/en\/author\/andrea\/"}]}},"_links":{"self":[{"href":"https:\/\/projetopack.com.br\/en\/wp-json\/wp\/v2\/posts\/8883","targetHints":{"allow":["GET"]}}],"collection":[{"href":"https:\/\/projetopack.com.br\/en\/wp-json\/wp\/v2\/posts"}],"about":[{"href":"https:\/\/projetopack.com.br\/en\/wp-json\/wp\/v2\/types\/post"}],"author":[{"embeddable":true,"href":"https:\/\/projetopack.com.br\/en\/wp-json\/wp\/v2\/users\/18"}],"replies":[{"embeddable":true,"href":"https:\/\/projetopack.com.br\/en\/wp-json\/wp\/v2\/comments?post=8883"}],"version-history":[{"count":0,"href":"https:\/\/projetopack.com.br\/en\/wp-json\/wp\/v2\/posts\/8883\/revisions"}],"wp:featuredmedia":[{"embeddable":true,"href":"https:\/\/projetopack.com.br\/en\/wp-json\/wp\/v2\/media\/9033"}],"wp:attachment":[{"href":"https:\/\/projetopack.com.br\/en\/wp-json\/wp\/v2\/media?parent=8883"}],"wp:term":[{"taxonomy":"category","embeddable":true,"href":"https:\/\/projetopack.com.br\/en\/wp-json\/wp\/v2\/categories?post=8883"},{"taxonomy":"post_tag","embeddable":true,"href":"https:\/\/projetopack.com.br\/en\/wp-json\/wp\/v2\/tags?post=8883"}],"curies":[{"name":"wp","href":"https:\/\/api.w.org\/{rel}","templated":true}]}}