{"id":9274,"date":"2021-02-11T17:13:01","date_gmt":"2021-02-11T20:13:01","guid":{"rendered":"https:\/\/www.projetopack.com.br\/?p=9274"},"modified":"2021-04-27T02:18:09","modified_gmt":"2021-04-27T05:18:09","slug":"benpac-nao-paga-heidelberg-e-a-venda-da-gallus-e-suspensa","status":"publish","type":"post","link":"https:\/\/projetopack.com.br\/en\/benpac-nao-paga-heidelberg-e-a-venda-da-gallus-e-suspensa\/","title":{"rendered":"Benpac n\u00e3o paga Heidelberg e a venda da Gallus \u00e9 suspensa"},"content":{"rendered":"<figure class=\"wp-block-image\"><img decoding=\"async\" src=\"https:\/\/media-exp1.licdn.com\/dms\/image\/C5612AQEwkEAdQUy05w\/article-inline_image-shrink_1000_1488\/0\/1613056053844?e=1618444800&amp;v=beta&amp;t=DDoqYXZX5DJJhm4QgnKABuGWeIMFP-w__bmFIXwkovE\" alt=\"N\u00e3o foi fornecido texto alternativo para esta imagem\"\/><\/figure>\n\n\n\n<p>O mercado olhava ansioso para o desfecho da venda da Gallus, do grupo&nbsp;<a href=\"https:\/\/www.heidelberg.com\/br\/pt\/index.jsp\" target=\"_blank\" rel=\"noreferrer noopener\">Heidelberg<\/a>, para a&nbsp;<a href=\"https:\/\/benpac.com\/\" target=\"_blank\" rel=\"noreferrer noopener\">Benpac Holding<\/a>. Infelizmente, ela n\u00e3o se completou, uma vez que o fundo n\u00e3o efetuou o pagamento de&nbsp;<strong>EUR 120 milh\u00f5es<\/strong>&nbsp;previamente acordado.<\/p>\n\n\n\n<p>A venda da&nbsp;<a href=\"https:\/\/www.gallus-group.com\/en\" target=\"_blank\" rel=\"noreferrer noopener\">Gallus<\/a>, divis\u00e3o de m\u00e1quinas impressoras flexogr\u00e1ficas e h\u00edbridas para a impress\u00e3o de r\u00f3tulos e etiquetas &#8211; teria sido parte importante na estrat\u00e9gia financeira da Heidelberg de reduzir seus altos \u00edndices de endividamento, na ordem de&nbsp;<strong>EUR 390 milh\u00f5es<\/strong>.<\/p>\n\n\n\n<figure class=\"wp-block-image\"><a href=\"https:\/\/projetopack.com.br\/\" target=\"_blank\" rel=\"noreferrer noopener\"><img decoding=\"async\" src=\"https:\/\/media-exp1.licdn.com\/dms\/image\/C5612AQE1o3u0xOMRgQ\/article-inline_image-shrink_1000_1488\/0\/1613056413669?e=1618444800&amp;v=beta&amp;t=0MsOr7FV8DGi52nPDSwGTsierqV0SFjw1RBQIsTymps\" alt=\"N\u00e3o foi fornecido texto alternativo para esta imagem\"\/><\/a><\/figure>\n\n\n\n<p>A boa not\u00edcia \u00e9 que desde o m\u00eas de mar\u00e7o, estes passivos ca\u00edram para o patamar dos EUR 250 milh\u00f5es, deixando uma lacuna de EUR 140 milh\u00f5es em que a venda da divis\u00e3o Gallus cairia precisamente &#8220;como uma luva&#8221;. Tudo corria bem, a Heidelberg havia &#8220;oficialmente&#8221; noticiado a venda da companhia mas, na \u00faltima semana, a&nbsp;<a href=\"https:\/\/www.heidelberg.com\/global\/en\/about_heidelberg\/press_relations\/press_release\/press_release_details\/press_release_151168.jsp\" target=\"_blank\" rel=\"noreferrer noopener\">Benpac simplesmente n\u00e3o pagou<\/a>.<\/p>\n\n\n\n<blockquote class=\"wp-block-quote is-layout-flow wp-block-quote-is-layout-flow\"><p>Isso significa que sim, a Gallus continua sendo parte da Heidelberg, que deve portanto fortalecer o esfor\u00e7o comercial e de servi\u00e7os ao portf\u00f3lio Gallus, pari passu analisa outras op\u00e7\u00f5es e estrat\u00e9gias que ditar\u00e3o o futuro da Gallus.<\/p><\/blockquote>\n\n\n\n<p>H\u00e1 alguns dias publicamos em nossa p\u00e1gina institucional no LinkedIn, informe da Heidelberg corroborando a melhora sistem\u00e1tica dos resultados de vendas e lucratividade em 2020, bem como as proje\u00e7\u00f5es otimistas de que os resultados perdurem em 2021.<\/p>\n\n\n\n<p><strong>Publicado por:<\/strong><\/p>\n\n\n\n<figure class=\"wp-block-image\"><img decoding=\"async\" src=\"https:\/\/media-exp1.licdn.com\/dms\/image\/C4E03AQETOP5UQQjWig\/profile-displayphoto-shrink_100_100\/0\/1517742073409?e=1618444800&amp;v=beta&amp;t=XKVrABIqGYywDwuBZ6AvvGLFbNgaoj3JU1088k3ByRA\" alt=\"Aislan Baer\"\/><figcaption><a href=\"https:\/\/www.linkedin.com\/in\/aislanbaer\/\">Aislan Baer<\/a> Fundador e CEO da ProjetoPack &amp; Associados; Co-fundador da Inovagraf; Especialista em impress\u00e3o e embalagens<\/figcaption><\/figure>\n\n\n\n<p><\/p>","protected":false},"excerpt":{"rendered":"<p>O fundo n\u00e3o efetuou o pagamento de EUR 120 milh\u00f5es previamente acordado.<\/p>","protected":false},"author":18,"featured_media":9295,"comment_status":"open","ping_status":"closed","sticky":false,"template":"","format":"standard","meta":{"footnotes":""},"categories":[4],"tags":[596,479,455],"class_list":["post-9274","post","type-post","status-publish","format-standard","has-post-thumbnail","hentry","category-infopack","tag-benpac","tag-gallus","tag-heidelberg"],"yoast_head":"<!-- This site is optimized with the Yoast SEO Premium plugin v27.1 (Yoast SEO v27.1.1) - https:\/\/yoast.com\/product\/yoast-seo-premium-wordpress\/ -->\n<title>Benpac n\u00e3o paga Heidelberg e a venda da Gallus \u00e9 suspensa - ProjetoPack<\/title>\n<meta name=\"description\" content=\"O mercado olhava ansioso para o desfecho da venda da Gallus, do grupo Heidelberg, para a Benpac Holding.\" \/>\n<meta name=\"robots\" content=\"index, follow, max-snippet:-1, max-image-preview:large, max-video-preview:-1\" \/>\n<link rel=\"canonical\" href=\"https:\/\/projetopack.com.br\/en\/benpac-nao-paga-heidelberg-e-a-venda-da-gallus-e-suspensa\/\" \/>\n<meta property=\"og:locale\" content=\"en_US\" \/>\n<meta property=\"og:type\" content=\"article\" \/>\n<meta property=\"og:title\" content=\"Benpac n\u00e3o paga Heidelberg e a venda da Gallus \u00e9 suspensa\" \/>\n<meta property=\"og:description\" content=\"O mercado olhava ansioso para o desfecho da venda da Gallus, do grupo Heidelberg, para a Benpac Holding.\" \/>\n<meta property=\"og:url\" content=\"https:\/\/projetopack.com.br\/en\/benpac-nao-paga-heidelberg-e-a-venda-da-gallus-e-suspensa\/\" \/>\n<meta property=\"og:site_name\" content=\"ProjetoPack\" \/>\n<meta property=\"article:published_time\" content=\"2021-02-11T20:13:01+00:00\" \/>\n<meta property=\"article:modified_time\" content=\"2021-04-27T05:18:09+00:00\" \/>\n<meta property=\"og:image\" content=\"https:\/\/projetopack.com.br\/wp-content\/uploads\/2021\/02\/heidelberg-h-neu.jpg\" \/>\n\t<meta property=\"og:image:width\" content=\"400\" \/>\n\t<meta property=\"og:image:height\" content=\"392\" \/>\n\t<meta property=\"og:image:type\" content=\"image\/jpeg\" \/>\n<meta name=\"author\" content=\"Andrea\" \/>\n<meta name=\"twitter:card\" content=\"summary_large_image\" \/>\n<meta name=\"twitter:creator\" content=\"@ProjetoPack\" \/>\n<meta name=\"twitter:site\" content=\"@ProjetoPack\" \/>\n<meta name=\"twitter:label1\" content=\"Written by\" \/>\n\t<meta name=\"twitter:data1\" content=\"Andrea\" \/>\n\t<meta name=\"twitter:label2\" content=\"Est. reading time\" \/>\n\t<meta name=\"twitter:data2\" content=\"2 minutes\" \/>\n<script type=\"application\/ld+json\" class=\"yoast-schema-graph\">{\"@context\":\"https:\/\/schema.org\",\"@graph\":[{\"@type\":\"Article\",\"@id\":\"https:\/\/projetopack.com.br\/en\/benpac-nao-paga-heidelberg-e-a-venda-da-gallus-e-suspensa\/#article\",\"isPartOf\":{\"@id\":\"https:\/\/projetopack.com.br\/en\/benpac-nao-paga-heidelberg-e-a-venda-da-gallus-e-suspensa\/\"},\"author\":{\"name\":\"Andrea\",\"@id\":\"https:\/\/projetopack.com.br\/#\/schema\/person\/d17c72a4bc2b7e461496dd8a14d4cef1\"},\"headline\":\"Benpac n\u00e3o paga Heidelberg e a venda da Gallus \u00e9 suspensa\",\"datePublished\":\"2021-02-11T20:13:01+00:00\",\"dateModified\":\"2021-04-27T05:18:09+00:00\",\"mainEntityOfPage\":{\"@id\":\"https:\/\/projetopack.com.br\/en\/benpac-nao-paga-heidelberg-e-a-venda-da-gallus-e-suspensa\/\"},\"wordCount\":272,\"commentCount\":0,\"publisher\":{\"@id\":\"https:\/\/projetopack.com.br\/#organization\"},\"image\":{\"@id\":\"https:\/\/projetopack.com.br\/en\/benpac-nao-paga-heidelberg-e-a-venda-da-gallus-e-suspensa\/#primaryimage\"},\"thumbnailUrl\":\"https:\/\/projetopack.com.br\/wp-content\/uploads\/2021\/02\/heidelberg-h-neu.jpg\",\"keywords\":[\"benpac\",\"Gallus\",\"heidelberg\"],\"articleSection\":[\"Infopack\"],\"inLanguage\":\"en-US\",\"potentialAction\":[{\"@type\":\"CommentAction\",\"name\":\"Comment\",\"target\":[\"https:\/\/projetopack.com.br\/en\/benpac-nao-paga-heidelberg-e-a-venda-da-gallus-e-suspensa\/#respond\"]}]},{\"@type\":\"WebPage\",\"@id\":\"https:\/\/projetopack.com.br\/en\/benpac-nao-paga-heidelberg-e-a-venda-da-gallus-e-suspensa\/\",\"url\":\"https:\/\/projetopack.com.br\/en\/benpac-nao-paga-heidelberg-e-a-venda-da-gallus-e-suspensa\/\",\"name\":\"Benpac n\u00e3o paga Heidelberg e a venda da Gallus \u00e9 suspensa - ProjetoPack\",\"isPartOf\":{\"@id\":\"https:\/\/projetopack.com.br\/#website\"},\"primaryImageOfPage\":{\"@id\":\"https:\/\/projetopack.com.br\/en\/benpac-nao-paga-heidelberg-e-a-venda-da-gallus-e-suspensa\/#primaryimage\"},\"image\":{\"@id\":\"https:\/\/projetopack.com.br\/en\/benpac-nao-paga-heidelberg-e-a-venda-da-gallus-e-suspensa\/#primaryimage\"},\"thumbnailUrl\":\"https:\/\/projetopack.com.br\/wp-content\/uploads\/2021\/02\/heidelberg-h-neu.jpg\",\"datePublished\":\"2021-02-11T20:13:01+00:00\",\"dateModified\":\"2021-04-27T05:18:09+00:00\",\"description\":\"O mercado olhava ansioso para o desfecho da venda da Gallus, do grupo Heidelberg, para a Benpac Holding.\",\"breadcrumb\":{\"@id\":\"https:\/\/projetopack.com.br\/en\/benpac-nao-paga-heidelberg-e-a-venda-da-gallus-e-suspensa\/#breadcrumb\"},\"inLanguage\":\"en-US\",\"potentialAction\":[{\"@type\":\"ReadAction\",\"target\":[\"https:\/\/projetopack.com.br\/en\/benpac-nao-paga-heidelberg-e-a-venda-da-gallus-e-suspensa\/\"]}]},{\"@type\":\"ImageObject\",\"inLanguage\":\"en-US\",\"@id\":\"https:\/\/projetopack.com.br\/en\/benpac-nao-paga-heidelberg-e-a-venda-da-gallus-e-suspensa\/#primaryimage\",\"url\":\"https:\/\/projetopack.com.br\/wp-content\/uploads\/2021\/02\/heidelberg-h-neu.jpg\",\"contentUrl\":\"https:\/\/projetopack.com.br\/wp-content\/uploads\/2021\/02\/heidelberg-h-neu.jpg\",\"width\":400,\"height\":392},{\"@type\":\"BreadcrumbList\",\"@id\":\"https:\/\/projetopack.com.br\/en\/benpac-nao-paga-heidelberg-e-a-venda-da-gallus-e-suspensa\/#breadcrumb\",\"itemListElement\":[{\"@type\":\"ListItem\",\"position\":1,\"name\":\"P\u00e1gina Inicial\",\"item\":\"https:\/\/projetopack.com.br\/\"},{\"@type\":\"ListItem\",\"position\":2,\"name\":\"Infopack\",\"item\":\"https:\/\/projetopack.com.br\/category\/infopack\/\"},{\"@type\":\"ListItem\",\"position\":3,\"name\":\"Benpac n\u00e3o paga Heidelberg e a venda da Gallus \u00e9 suspensa\"}]},{\"@type\":\"WebSite\",\"@id\":\"https:\/\/projetopack.com.br\/#website\",\"url\":\"https:\/\/projetopack.com.br\/\",\"name\":\"ProjetoPack\",\"description\":\"Consultoria e servi\u00e7os para embalagens, r\u00f3tulos, etiquetas e processos de impress\u00e3o\",\"publisher\":{\"@id\":\"https:\/\/projetopack.com.br\/#organization\"},\"potentialAction\":[{\"@type\":\"SearchAction\",\"target\":{\"@type\":\"EntryPoint\",\"urlTemplate\":\"https:\/\/projetopack.com.br\/?s={search_term_string}\"},\"query-input\":{\"@type\":\"PropertyValueSpecification\",\"valueRequired\":true,\"valueName\":\"search_term_string\"}}],\"inLanguage\":\"en-US\"},{\"@type\":\"Organization\",\"@id\":\"https:\/\/projetopack.com.br\/#organization\",\"name\":\"ProjetoPack & Associados\",\"url\":\"https:\/\/projetopack.com.br\/\",\"logo\":{\"@type\":\"ImageObject\",\"inLanguage\":\"en-US\",\"@id\":\"https:\/\/projetopack.com.br\/#\/schema\/logo\/image\/\",\"url\":\"https:\/\/projetopack.com.br\/wp-content\/uploads\/2020\/09\/projetopack.png\",\"contentUrl\":\"https:\/\/projetopack.com.br\/wp-content\/uploads\/2020\/09\/projetopack.png\",\"width\":200,\"height\":200,\"caption\":\"ProjetoPack & Associados\"},\"image\":{\"@id\":\"https:\/\/projetopack.com.br\/#\/schema\/logo\/image\/\"},\"sameAs\":[\"https:\/\/x.com\/ProjetoPack\",\"https:\/\/www.linkedin.com\/company\/projetopack\/\"]},{\"@type\":\"Person\",\"@id\":\"https:\/\/projetopack.com.br\/#\/schema\/person\/d17c72a4bc2b7e461496dd8a14d4cef1\",\"name\":\"Andrea\",\"image\":{\"@type\":\"ImageObject\",\"inLanguage\":\"en-US\",\"@id\":\"https:\/\/projetopack.com.br\/#\/schema\/person\/image\/\",\"url\":\"https:\/\/projetopack.com.br\/wp-content\/uploads\/2026\/03\/eu-150x150.jpg\",\"contentUrl\":\"https:\/\/projetopack.com.br\/wp-content\/uploads\/2026\/03\/eu-150x150.jpg\",\"caption\":\"Andrea\"},\"url\":\"https:\/\/projetopack.com.br\/en\/author\/andrea\/\"}]}<\/script>\n<!-- \/ Yoast SEO Premium plugin. -->","yoast_head_json":{"title":"Benpac n\u00e3o paga Heidelberg e a venda da Gallus \u00e9 suspensa - ProjetoPack","description":"O mercado olhava ansioso para o desfecho da venda da Gallus, do grupo Heidelberg, para a Benpac Holding.","robots":{"index":"index","follow":"follow","max-snippet":"max-snippet:-1","max-image-preview":"max-image-preview:large","max-video-preview":"max-video-preview:-1"},"canonical":"https:\/\/projetopack.com.br\/en\/benpac-nao-paga-heidelberg-e-a-venda-da-gallus-e-suspensa\/","og_locale":"en_US","og_type":"article","og_title":"Benpac n\u00e3o paga Heidelberg e a venda da Gallus \u00e9 suspensa","og_description":"O mercado olhava ansioso para o desfecho da venda da Gallus, do grupo Heidelberg, para a Benpac Holding.","og_url":"https:\/\/projetopack.com.br\/en\/benpac-nao-paga-heidelberg-e-a-venda-da-gallus-e-suspensa\/","og_site_name":"ProjetoPack","article_published_time":"2021-02-11T20:13:01+00:00","article_modified_time":"2021-04-27T05:18:09+00:00","og_image":[{"width":400,"height":392,"url":"https:\/\/projetopack.com.br\/wp-content\/uploads\/2021\/02\/heidelberg-h-neu.jpg","type":"image\/jpeg"}],"author":"Andrea","twitter_card":"summary_large_image","twitter_creator":"@ProjetoPack","twitter_site":"@ProjetoPack","twitter_misc":{"Written by":"Andrea","Est. reading time":"2 minutes"},"schema":{"@context":"https:\/\/schema.org","@graph":[{"@type":"Article","@id":"https:\/\/projetopack.com.br\/en\/benpac-nao-paga-heidelberg-e-a-venda-da-gallus-e-suspensa\/#article","isPartOf":{"@id":"https:\/\/projetopack.com.br\/en\/benpac-nao-paga-heidelberg-e-a-venda-da-gallus-e-suspensa\/"},"author":{"name":"Andrea","@id":"https:\/\/projetopack.com.br\/#\/schema\/person\/d17c72a4bc2b7e461496dd8a14d4cef1"},"headline":"Benpac n\u00e3o paga Heidelberg e a venda da Gallus \u00e9 suspensa","datePublished":"2021-02-11T20:13:01+00:00","dateModified":"2021-04-27T05:18:09+00:00","mainEntityOfPage":{"@id":"https:\/\/projetopack.com.br\/en\/benpac-nao-paga-heidelberg-e-a-venda-da-gallus-e-suspensa\/"},"wordCount":272,"commentCount":0,"publisher":{"@id":"https:\/\/projetopack.com.br\/#organization"},"image":{"@id":"https:\/\/projetopack.com.br\/en\/benpac-nao-paga-heidelberg-e-a-venda-da-gallus-e-suspensa\/#primaryimage"},"thumbnailUrl":"https:\/\/projetopack.com.br\/wp-content\/uploads\/2021\/02\/heidelberg-h-neu.jpg","keywords":["benpac","Gallus","heidelberg"],"articleSection":["Infopack"],"inLanguage":"en-US","potentialAction":[{"@type":"CommentAction","name":"Comment","target":["https:\/\/projetopack.com.br\/en\/benpac-nao-paga-heidelberg-e-a-venda-da-gallus-e-suspensa\/#respond"]}]},{"@type":"WebPage","@id":"https:\/\/projetopack.com.br\/en\/benpac-nao-paga-heidelberg-e-a-venda-da-gallus-e-suspensa\/","url":"https:\/\/projetopack.com.br\/en\/benpac-nao-paga-heidelberg-e-a-venda-da-gallus-e-suspensa\/","name":"Benpac n\u00e3o paga Heidelberg e a venda da Gallus \u00e9 suspensa - ProjetoPack","isPartOf":{"@id":"https:\/\/projetopack.com.br\/#website"},"primaryImageOfPage":{"@id":"https:\/\/projetopack.com.br\/en\/benpac-nao-paga-heidelberg-e-a-venda-da-gallus-e-suspensa\/#primaryimage"},"image":{"@id":"https:\/\/projetopack.com.br\/en\/benpac-nao-paga-heidelberg-e-a-venda-da-gallus-e-suspensa\/#primaryimage"},"thumbnailUrl":"https:\/\/projetopack.com.br\/wp-content\/uploads\/2021\/02\/heidelberg-h-neu.jpg","datePublished":"2021-02-11T20:13:01+00:00","dateModified":"2021-04-27T05:18:09+00:00","description":"O mercado olhava ansioso para o desfecho da venda da Gallus, do grupo Heidelberg, para a Benpac Holding.","breadcrumb":{"@id":"https:\/\/projetopack.com.br\/en\/benpac-nao-paga-heidelberg-e-a-venda-da-gallus-e-suspensa\/#breadcrumb"},"inLanguage":"en-US","potentialAction":[{"@type":"ReadAction","target":["https:\/\/projetopack.com.br\/en\/benpac-nao-paga-heidelberg-e-a-venda-da-gallus-e-suspensa\/"]}]},{"@type":"ImageObject","inLanguage":"en-US","@id":"https:\/\/projetopack.com.br\/en\/benpac-nao-paga-heidelberg-e-a-venda-da-gallus-e-suspensa\/#primaryimage","url":"https:\/\/projetopack.com.br\/wp-content\/uploads\/2021\/02\/heidelberg-h-neu.jpg","contentUrl":"https:\/\/projetopack.com.br\/wp-content\/uploads\/2021\/02\/heidelberg-h-neu.jpg","width":400,"height":392},{"@type":"BreadcrumbList","@id":"https:\/\/projetopack.com.br\/en\/benpac-nao-paga-heidelberg-e-a-venda-da-gallus-e-suspensa\/#breadcrumb","itemListElement":[{"@type":"ListItem","position":1,"name":"P\u00e1gina Inicial","item":"https:\/\/projetopack.com.br\/"},{"@type":"ListItem","position":2,"name":"Infopack","item":"https:\/\/projetopack.com.br\/category\/infopack\/"},{"@type":"ListItem","position":3,"name":"Benpac n\u00e3o paga Heidelberg e a venda da Gallus \u00e9 suspensa"}]},{"@type":"WebSite","@id":"https:\/\/projetopack.com.br\/#website","url":"https:\/\/projetopack.com.br\/","name":"ProjetoPack","description":"Consultoria e servi\u00e7os para embalagens, r\u00f3tulos, etiquetas e processos de impress\u00e3o","publisher":{"@id":"https:\/\/projetopack.com.br\/#organization"},"potentialAction":[{"@type":"SearchAction","target":{"@type":"EntryPoint","urlTemplate":"https:\/\/projetopack.com.br\/?s={search_term_string}"},"query-input":{"@type":"PropertyValueSpecification","valueRequired":true,"valueName":"search_term_string"}}],"inLanguage":"en-US"},{"@type":"Organization","@id":"https:\/\/projetopack.com.br\/#organization","name":"ProjetoPack & Associados","url":"https:\/\/projetopack.com.br\/","logo":{"@type":"ImageObject","inLanguage":"en-US","@id":"https:\/\/projetopack.com.br\/#\/schema\/logo\/image\/","url":"https:\/\/projetopack.com.br\/wp-content\/uploads\/2020\/09\/projetopack.png","contentUrl":"https:\/\/projetopack.com.br\/wp-content\/uploads\/2020\/09\/projetopack.png","width":200,"height":200,"caption":"ProjetoPack & Associados"},"image":{"@id":"https:\/\/projetopack.com.br\/#\/schema\/logo\/image\/"},"sameAs":["https:\/\/x.com\/ProjetoPack","https:\/\/www.linkedin.com\/company\/projetopack\/"]},{"@type":"Person","@id":"https:\/\/projetopack.com.br\/#\/schema\/person\/d17c72a4bc2b7e461496dd8a14d4cef1","name":"Andrea","image":{"@type":"ImageObject","inLanguage":"en-US","@id":"https:\/\/projetopack.com.br\/#\/schema\/person\/image\/","url":"https:\/\/projetopack.com.br\/wp-content\/uploads\/2026\/03\/eu-150x150.jpg","contentUrl":"https:\/\/projetopack.com.br\/wp-content\/uploads\/2026\/03\/eu-150x150.jpg","caption":"Andrea"},"url":"https:\/\/projetopack.com.br\/en\/author\/andrea\/"}]}},"_links":{"self":[{"href":"https:\/\/projetopack.com.br\/en\/wp-json\/wp\/v2\/posts\/9274","targetHints":{"allow":["GET"]}}],"collection":[{"href":"https:\/\/projetopack.com.br\/en\/wp-json\/wp\/v2\/posts"}],"about":[{"href":"https:\/\/projetopack.com.br\/en\/wp-json\/wp\/v2\/types\/post"}],"author":[{"embeddable":true,"href":"https:\/\/projetopack.com.br\/en\/wp-json\/wp\/v2\/users\/18"}],"replies":[{"embeddable":true,"href":"https:\/\/projetopack.com.br\/en\/wp-json\/wp\/v2\/comments?post=9274"}],"version-history":[{"count":0,"href":"https:\/\/projetopack.com.br\/en\/wp-json\/wp\/v2\/posts\/9274\/revisions"}],"wp:featuredmedia":[{"embeddable":true,"href":"https:\/\/projetopack.com.br\/en\/wp-json\/wp\/v2\/media\/9295"}],"wp:attachment":[{"href":"https:\/\/projetopack.com.br\/en\/wp-json\/wp\/v2\/media?parent=9274"}],"wp:term":[{"taxonomy":"category","embeddable":true,"href":"https:\/\/projetopack.com.br\/en\/wp-json\/wp\/v2\/categories?post=9274"},{"taxonomy":"post_tag","embeddable":true,"href":"https:\/\/projetopack.com.br\/en\/wp-json\/wp\/v2\/tags?post=9274"}],"curies":[{"name":"wp","href":"https:\/\/api.w.org\/{rel}","templated":true}]}}