{"id":9296,"date":"2021-02-13T13:57:36","date_gmt":"2021-02-13T16:57:36","guid":{"rendered":"https:\/\/www.projetopack.com.br\/?p=9296"},"modified":"2021-04-27T02:23:31","modified_gmt":"2021-04-27T05:23:31","slug":"o-que-aprendemos-no-packcast-com-a-camargo-embalagens","status":"publish","type":"post","link":"https:\/\/projetopack.com.br\/en\/o-que-aprendemos-no-packcast-com-a-camargo-embalagens\/","title":{"rendered":"O que aprendemos no PackCast com a Camargo Embalagens?"},"content":{"rendered":"<p>Recentemente, abrimos a segunda temporada do nosso podcast. Mantendo o protocolo, aproveitamos o v\u00eddeo para o formato webcast em nosso canal do YouTube (convidamos a todos para se inscreverem em ambos, links ao longo da postagem.<\/p>\n\n\n\n<p>Foi a primeira entrevista com um convertedor de embalagens flex\u00edveis laminadas &#8211; a <a href=\"https:\/\/www.camargociaembalagens.com.br\/\" target=\"_blank\" rel=\"noreferrer noopener\">Camargo Embalagens<\/a>, localizada na cidade de Tiet\u00ea, S\u00e3o Paulo, na pessoa de seu diretor de neg\u00f3cios, <strong>Felipe Toledo<\/strong>.<\/p>\n\n\n\n<p><\/p>\n\n\n\n<figure class=\"wp-block-embed is-type-video is-provider-youtube wp-block-embed-youtube wp-embed-aspect-16-9 wp-has-aspect-ratio\"><div class=\"wp-block-embed__wrapper\">\n<iframe title=\"PackLive com a Camargo Embalagens\" width=\"800\" height=\"450\" src=\"https:\/\/www.youtube.com\/embed\/rt_C9n8Bczo?feature=oembed&#038;enablejsapi=1&#038;origin=https:\/\/projetopack.com.br\" frameborder=\"0\" allow=\"accelerometer; autoplay; clipboard-write; encrypted-media; gyroscope; picture-in-picture\" allowfullscreen><\/iframe>\n<\/div><\/figure>\n\n\n\n<p><\/p>\n\n\n\n<p>A convertedora se destaca ano ap\u00f3s ano, por seu vi\u00e9s inovador. Foi a primeira convertedora do hemisf\u00e9rio sul a investir numa m\u00e1quina <a href=\"https:\/\/www8.hp.com\/br\/pt\/industrial-printers\/indigo-digital-presses.html\" target=\"_blank\" rel=\"noreferrer noopener\">impressora digital HP Indigo<\/a> 20000, destinada \u00e0 impress\u00e3o de embalagens personalizadas e campanhas promocionais (muitas delas, premiadas inclusive mundialmente).<\/p>\n\n\n\n<p>No cerne do neg\u00f3cio est\u00e1 a impress\u00e3o de embalagens impressas em rotogravura (a empresa conta com 4 m\u00e1quinas impressoras rotogravura), majoritariamente laminadas (bi, tri ou quadrilaminadas) e finalizadas em bobinas ou pouches. Este ano, a companhia busca superar o patamar das mil toneladas de flex\u00edveis mensais e est\u00e1 bem perto disso.<\/p>\n\n\n\n<div class=\"wp-block-group has-cyan-bluish-gray-background-color has-background\"><div class=\"wp-block-group__inner-container is-layout-flow wp-block-group-is-layout-flow\">\n<p class=\"has-cyan-bluish-gray-background-color has-background\">Curiosamente, a Camargo &#8211; quando comparada \u00e0s rivais de rotogravura &#8211; n\u00e3o possui m\u00e1quinas flexogr\u00e1ficas. O motivo de n\u00e3o t\u00ea-las \u00e9 positivo: h\u00e1 muito, a companhia adaptou-se para produzir lotes econ\u00f4micos em rotogravura compat\u00edveis com os da flexografia, com efici\u00eancia equivalente ou superior nos tempos de troca r\u00e1pidos.<\/p>\n<\/div><\/div>\n\n\n\n<figure class=\"wp-block-pullquote\"><blockquote><p>&#8220;Somos uma empresa de setups que, entre uma troca e outra, produz algo&#8221;<\/p><cite>brincOU Felipe, sobre a produ\u00e7\u00e3o t\u00e3o segmentada e de lotes curtos.<\/cite><\/blockquote><\/figure>\n\n\n\n<p>Ao longo da entrevista, fica n\u00edtido tamb\u00e9m que o equipamento digital atribui, no caso da Camargo, mais do que os aspectos de marketing. Versatilidade em atender as dores dos clientes, como lead times quase instant\u00e2neos, a possibilidade de entregar prot\u00f3tipos, atender pedidos inesperados e adicionar valor nos servi\u00e7os ofertados s\u00e3o, de fato, os componentes que justificaram o investimento e o &#8220;fardo&#8221; de ser um <em>early adopter<\/em>.<\/p>\n\n\n\n<p>Outra particularidade da companhia, discutida ao longo da entrevista, diz respeito a n\u00e3o verticaliza\u00e7\u00e3o da extrus\u00e3o. Segundo Felipe, faz parte da estrat\u00e9gia da empresa em focar investimentos nas etapas geradoras de valor aos clientes finais as quais ainda h\u00e1 oportunidades de aprendizagem e crescimento em curto prazo, como os setores de impress\u00e3o e acabamento.<\/p>\n\n\n\n<p>A quest\u00e3o da sustentabilidade permeou a entrevista do in\u00edcio ao fim, uma vez que a Camargo tem dedicado esfor\u00e7os no desenvolvimento de estruturas mais alinhadas com a agenda ecol\u00f3gica (filmes produzidos a partir de fontes renov\u00e1veis, materiais compost\u00e1veis e com algum teor de reciclado p\u00f3s-industrial ou p\u00f3s-consumo).<\/p>\n\n\n\n<div class=\"wp-block-group has-cyan-bluish-gray-background-color has-background\"><div class=\"wp-block-group__inner-container is-layout-flow wp-block-group-is-layout-flow\">\n<p>O \u00faltimo e talvez mais importante direcionador da Camargo nos \u00faltimos anos &#8211; com respeito \u00e0 interface com os clientes &#8211; diz respeito \u00e0 inova\u00e7\u00e3o. A empresa vem construindo modelos internos disruptivos na rela\u00e7\u00e3o com seus clientes e parceiros para tornar-se um verdadeiro hub de ideias e solu\u00e7\u00f5es de embalagem aos donos das marcas. E, dado o crescimento s\u00f3lido e o reconhecimento dos clientes, nos parece que est\u00e1 no caminho certo.<\/p>\n<\/div><\/div>\n\n\n\n<p>A Camargo \u00e9 mais um cliente no rol de empresas atendidas em consultoria e treinamentos pela <a href=\"https:\/\/projetopack.com.br\/\">ProjetoPack<\/a> e um bom parceiro na produ\u00e7\u00e3o dos envelopes impressos da ProjetoPack em Revista &#8211; projeto esse que nos rendeu conjuntamente o <a href=\"https:\/\/www.embalagemmarca.com.br\/2020\/10\/vencedores-do-premio-grandes-cases-de-embalagem-2020\/\" target=\"_blank\" rel=\"noreferrer noopener\">Pr\u00eamio Grandes Cases<\/a> de Embalagem em 2020.<\/p>\n\n\n\n<p><strong>Leia mais em nosso site:<\/strong><br><a href=\"https:\/\/projetopack.com.br\/camargo-embalagens-produz-envoltorio-da-nova-edicao-da-projeto-pack-em-revista-utilizando-filme-plastico-feito-com-garrafa-pet-reciclada\/\">Camargo Embalagens produz envolt\u00f3rio da ProjetoPack em Revista<\/a><\/p>","protected":false},"excerpt":{"rendered":"<p>Recentemente, abrimos a segunda temporada do nosso podcast. Mantendo o protocolo, aproveitamos o v\u00eddeo para o formato webcast em nosso canal do YouTube (convidamos a todos para se inscreverem em ambos, links ao longo da postagem. Foi a primeira entrevista com um convertedor de embalagens flex\u00edveis laminadas &#8211; a Camargo Embalagens, localizada na cidade de [&hellip;]<\/p>\n","protected":false},"author":18,"featured_media":9298,"comment_status":"open","ping_status":"closed","sticky":false,"template":"","format":"standard","meta":{"footnotes":""},"categories":[632],"tags":[501,700,702],"class_list":["post-9296","post","type-post","status-publish","format-standard","has-post-thumbnail","hentry","category-entrevistas","tag-camargo-embalagens","tag-embalagens-laminadas","tag-felipe-toledo"],"yoast_head":"<!-- This site is optimized with the Yoast SEO Premium plugin v27.1 (Yoast SEO v27.1.1) - https:\/\/yoast.com\/product\/yoast-seo-premium-wordpress\/ -->\n<title>O que aprendemos no PackCast com a Camargo Embalagens? - ProjetoPack<\/title>\n<meta name=\"description\" content=\"Foi a primeira entrevista com um convertedor de embalagens flex\u00edveis laminadas - a Camargo Embalagens, localizada na cidade de Tiet\u00ea, S\u00e3o Paulo.\" \/>\n<meta name=\"robots\" content=\"index, follow, max-snippet:-1, max-image-preview:large, max-video-preview:-1\" \/>\n<link rel=\"canonical\" href=\"https:\/\/projetopack.com.br\/en\/o-que-aprendemos-no-packcast-com-a-camargo-embalagens\/\" \/>\n<meta property=\"og:locale\" content=\"en_US\" \/>\n<meta property=\"og:type\" content=\"article\" \/>\n<meta property=\"og:title\" content=\"O que aprendemos no PackCast com a Camargo Embalagens?\" \/>\n<meta property=\"og:description\" content=\"Foi a primeira entrevista com um convertedor de embalagens flex\u00edveis laminadas - a Camargo Embalagens, localizada na cidade de Tiet\u00ea, S\u00e3o Paulo.\" \/>\n<meta property=\"og:url\" content=\"https:\/\/projetopack.com.br\/en\/o-que-aprendemos-no-packcast-com-a-camargo-embalagens\/\" \/>\n<meta property=\"og:site_name\" content=\"ProjetoPack\" \/>\n<meta property=\"article:published_time\" content=\"2021-02-13T16:57:36+00:00\" \/>\n<meta property=\"article:modified_time\" content=\"2021-04-27T05:23:31+00:00\" \/>\n<meta property=\"og:image\" content=\"https:\/\/projetopack.com.br\/wp-content\/uploads\/2021\/02\/Capa-Podcast-09.png\" \/>\n\t<meta property=\"og:image:width\" content=\"1080\" \/>\n\t<meta property=\"og:image:height\" content=\"1080\" \/>\n\t<meta property=\"og:image:type\" content=\"image\/png\" \/>\n<meta name=\"author\" content=\"Andrea\" \/>\n<meta name=\"twitter:card\" content=\"summary_large_image\" \/>\n<meta name=\"twitter:creator\" content=\"@ProjetoPack\" \/>\n<meta name=\"twitter:site\" content=\"@ProjetoPack\" \/>\n<meta name=\"twitter:label1\" content=\"Written by\" \/>\n\t<meta name=\"twitter:data1\" content=\"Andrea\" \/>\n\t<meta name=\"twitter:label2\" content=\"Est. reading time\" \/>\n\t<meta name=\"twitter:data2\" content=\"3 minutes\" \/>\n<script type=\"application\/ld+json\" class=\"yoast-schema-graph\">{\"@context\":\"https:\/\/schema.org\",\"@graph\":[{\"@type\":\"Article\",\"@id\":\"https:\/\/projetopack.com.br\/en\/o-que-aprendemos-no-packcast-com-a-camargo-embalagens\/#article\",\"isPartOf\":{\"@id\":\"https:\/\/projetopack.com.br\/en\/o-que-aprendemos-no-packcast-com-a-camargo-embalagens\/\"},\"author\":{\"name\":\"Andrea\",\"@id\":\"https:\/\/projetopack.com.br\/#\/schema\/person\/d17c72a4bc2b7e461496dd8a14d4cef1\"},\"headline\":\"O que aprendemos no PackCast com a Camargo Embalagens?\",\"datePublished\":\"2021-02-13T16:57:36+00:00\",\"dateModified\":\"2021-04-27T05:23:31+00:00\",\"mainEntityOfPage\":{\"@id\":\"https:\/\/projetopack.com.br\/en\/o-que-aprendemos-no-packcast-com-a-camargo-embalagens\/\"},\"wordCount\":585,\"commentCount\":1,\"publisher\":{\"@id\":\"https:\/\/projetopack.com.br\/#organization\"},\"image\":{\"@id\":\"https:\/\/projetopack.com.br\/en\/o-que-aprendemos-no-packcast-com-a-camargo-embalagens\/#primaryimage\"},\"thumbnailUrl\":\"https:\/\/projetopack.com.br\/wp-content\/uploads\/2021\/02\/Capa-Podcast-09.png\",\"keywords\":[\"camargo embalagens\",\"embalagens laminadas\",\"felipe toledo\"],\"articleSection\":[\"Entrevistas\"],\"inLanguage\":\"en-US\",\"potentialAction\":[{\"@type\":\"CommentAction\",\"name\":\"Comment\",\"target\":[\"https:\/\/projetopack.com.br\/en\/o-que-aprendemos-no-packcast-com-a-camargo-embalagens\/#respond\"]}]},{\"@type\":\"WebPage\",\"@id\":\"https:\/\/projetopack.com.br\/en\/o-que-aprendemos-no-packcast-com-a-camargo-embalagens\/\",\"url\":\"https:\/\/projetopack.com.br\/en\/o-que-aprendemos-no-packcast-com-a-camargo-embalagens\/\",\"name\":\"O que aprendemos no PackCast com a Camargo Embalagens? - ProjetoPack\",\"isPartOf\":{\"@id\":\"https:\/\/projetopack.com.br\/#website\"},\"primaryImageOfPage\":{\"@id\":\"https:\/\/projetopack.com.br\/en\/o-que-aprendemos-no-packcast-com-a-camargo-embalagens\/#primaryimage\"},\"image\":{\"@id\":\"https:\/\/projetopack.com.br\/en\/o-que-aprendemos-no-packcast-com-a-camargo-embalagens\/#primaryimage\"},\"thumbnailUrl\":\"https:\/\/projetopack.com.br\/wp-content\/uploads\/2021\/02\/Capa-Podcast-09.png\",\"datePublished\":\"2021-02-13T16:57:36+00:00\",\"dateModified\":\"2021-04-27T05:23:31+00:00\",\"description\":\"Foi a primeira entrevista com um convertedor de embalagens flex\u00edveis laminadas - a Camargo Embalagens, localizada na cidade de Tiet\u00ea, S\u00e3o Paulo.\",\"breadcrumb\":{\"@id\":\"https:\/\/projetopack.com.br\/en\/o-que-aprendemos-no-packcast-com-a-camargo-embalagens\/#breadcrumb\"},\"inLanguage\":\"en-US\",\"potentialAction\":[{\"@type\":\"ReadAction\",\"target\":[\"https:\/\/projetopack.com.br\/en\/o-que-aprendemos-no-packcast-com-a-camargo-embalagens\/\"]}]},{\"@type\":\"ImageObject\",\"inLanguage\":\"en-US\",\"@id\":\"https:\/\/projetopack.com.br\/en\/o-que-aprendemos-no-packcast-com-a-camargo-embalagens\/#primaryimage\",\"url\":\"https:\/\/projetopack.com.br\/wp-content\/uploads\/2021\/02\/Capa-Podcast-09.png\",\"contentUrl\":\"https:\/\/projetopack.com.br\/wp-content\/uploads\/2021\/02\/Capa-Podcast-09.png\",\"width\":1080,\"height\":1080},{\"@type\":\"BreadcrumbList\",\"@id\":\"https:\/\/projetopack.com.br\/en\/o-que-aprendemos-no-packcast-com-a-camargo-embalagens\/#breadcrumb\",\"itemListElement\":[{\"@type\":\"ListItem\",\"position\":1,\"name\":\"P\u00e1gina Inicial\",\"item\":\"https:\/\/projetopack.com.br\/\"},{\"@type\":\"ListItem\",\"position\":2,\"name\":\"Entrevistas\",\"item\":\"https:\/\/projetopack.com.br\/category\/entrevistas\/\"},{\"@type\":\"ListItem\",\"position\":3,\"name\":\"O que aprendemos no PackCast com a Camargo Embalagens?\"}]},{\"@type\":\"WebSite\",\"@id\":\"https:\/\/projetopack.com.br\/#website\",\"url\":\"https:\/\/projetopack.com.br\/\",\"name\":\"ProjetoPack\",\"description\":\"Consultoria e servi\u00e7os para embalagens, r\u00f3tulos, etiquetas e processos de impress\u00e3o\",\"publisher\":{\"@id\":\"https:\/\/projetopack.com.br\/#organization\"},\"potentialAction\":[{\"@type\":\"SearchAction\",\"target\":{\"@type\":\"EntryPoint\",\"urlTemplate\":\"https:\/\/projetopack.com.br\/?s={search_term_string}\"},\"query-input\":{\"@type\":\"PropertyValueSpecification\",\"valueRequired\":true,\"valueName\":\"search_term_string\"}}],\"inLanguage\":\"en-US\"},{\"@type\":\"Organization\",\"@id\":\"https:\/\/projetopack.com.br\/#organization\",\"name\":\"ProjetoPack & Associados\",\"url\":\"https:\/\/projetopack.com.br\/\",\"logo\":{\"@type\":\"ImageObject\",\"inLanguage\":\"en-US\",\"@id\":\"https:\/\/projetopack.com.br\/#\/schema\/logo\/image\/\",\"url\":\"https:\/\/projetopack.com.br\/wp-content\/uploads\/2020\/09\/projetopack.png\",\"contentUrl\":\"https:\/\/projetopack.com.br\/wp-content\/uploads\/2020\/09\/projetopack.png\",\"width\":200,\"height\":200,\"caption\":\"ProjetoPack & Associados\"},\"image\":{\"@id\":\"https:\/\/projetopack.com.br\/#\/schema\/logo\/image\/\"},\"sameAs\":[\"https:\/\/x.com\/ProjetoPack\",\"https:\/\/www.linkedin.com\/company\/projetopack\/\"]},{\"@type\":\"Person\",\"@id\":\"https:\/\/projetopack.com.br\/#\/schema\/person\/d17c72a4bc2b7e461496dd8a14d4cef1\",\"name\":\"Andrea\",\"image\":{\"@type\":\"ImageObject\",\"inLanguage\":\"en-US\",\"@id\":\"https:\/\/projetopack.com.br\/#\/schema\/person\/image\/\",\"url\":\"https:\/\/projetopack.com.br\/wp-content\/uploads\/2026\/03\/eu-150x150.jpg\",\"contentUrl\":\"https:\/\/projetopack.com.br\/wp-content\/uploads\/2026\/03\/eu-150x150.jpg\",\"caption\":\"Andrea\"},\"url\":\"https:\/\/projetopack.com.br\/en\/author\/andrea\/\"}]}<\/script>\n<!-- \/ Yoast SEO Premium plugin. -->","yoast_head_json":{"title":"O que aprendemos no PackCast com a Camargo Embalagens? - ProjetoPack","description":"Foi a primeira entrevista com um convertedor de embalagens flex\u00edveis laminadas - a Camargo Embalagens, localizada na cidade de Tiet\u00ea, S\u00e3o Paulo.","robots":{"index":"index","follow":"follow","max-snippet":"max-snippet:-1","max-image-preview":"max-image-preview:large","max-video-preview":"max-video-preview:-1"},"canonical":"https:\/\/projetopack.com.br\/en\/o-que-aprendemos-no-packcast-com-a-camargo-embalagens\/","og_locale":"en_US","og_type":"article","og_title":"O que aprendemos no PackCast com a Camargo Embalagens?","og_description":"Foi a primeira entrevista com um convertedor de embalagens flex\u00edveis laminadas - a Camargo Embalagens, localizada na cidade de Tiet\u00ea, S\u00e3o Paulo.","og_url":"https:\/\/projetopack.com.br\/en\/o-que-aprendemos-no-packcast-com-a-camargo-embalagens\/","og_site_name":"ProjetoPack","article_published_time":"2021-02-13T16:57:36+00:00","article_modified_time":"2021-04-27T05:23:31+00:00","og_image":[{"width":1080,"height":1080,"url":"https:\/\/projetopack.com.br\/wp-content\/uploads\/2021\/02\/Capa-Podcast-09.png","type":"image\/png"}],"author":"Andrea","twitter_card":"summary_large_image","twitter_creator":"@ProjetoPack","twitter_site":"@ProjetoPack","twitter_misc":{"Written by":"Andrea","Est. reading time":"3 minutes"},"schema":{"@context":"https:\/\/schema.org","@graph":[{"@type":"Article","@id":"https:\/\/projetopack.com.br\/en\/o-que-aprendemos-no-packcast-com-a-camargo-embalagens\/#article","isPartOf":{"@id":"https:\/\/projetopack.com.br\/en\/o-que-aprendemos-no-packcast-com-a-camargo-embalagens\/"},"author":{"name":"Andrea","@id":"https:\/\/projetopack.com.br\/#\/schema\/person\/d17c72a4bc2b7e461496dd8a14d4cef1"},"headline":"O que aprendemos no PackCast com a Camargo Embalagens?","datePublished":"2021-02-13T16:57:36+00:00","dateModified":"2021-04-27T05:23:31+00:00","mainEntityOfPage":{"@id":"https:\/\/projetopack.com.br\/en\/o-que-aprendemos-no-packcast-com-a-camargo-embalagens\/"},"wordCount":585,"commentCount":1,"publisher":{"@id":"https:\/\/projetopack.com.br\/#organization"},"image":{"@id":"https:\/\/projetopack.com.br\/en\/o-que-aprendemos-no-packcast-com-a-camargo-embalagens\/#primaryimage"},"thumbnailUrl":"https:\/\/projetopack.com.br\/wp-content\/uploads\/2021\/02\/Capa-Podcast-09.png","keywords":["camargo embalagens","embalagens laminadas","felipe toledo"],"articleSection":["Entrevistas"],"inLanguage":"en-US","potentialAction":[{"@type":"CommentAction","name":"Comment","target":["https:\/\/projetopack.com.br\/en\/o-que-aprendemos-no-packcast-com-a-camargo-embalagens\/#respond"]}]},{"@type":"WebPage","@id":"https:\/\/projetopack.com.br\/en\/o-que-aprendemos-no-packcast-com-a-camargo-embalagens\/","url":"https:\/\/projetopack.com.br\/en\/o-que-aprendemos-no-packcast-com-a-camargo-embalagens\/","name":"O que aprendemos no PackCast com a Camargo Embalagens? - ProjetoPack","isPartOf":{"@id":"https:\/\/projetopack.com.br\/#website"},"primaryImageOfPage":{"@id":"https:\/\/projetopack.com.br\/en\/o-que-aprendemos-no-packcast-com-a-camargo-embalagens\/#primaryimage"},"image":{"@id":"https:\/\/projetopack.com.br\/en\/o-que-aprendemos-no-packcast-com-a-camargo-embalagens\/#primaryimage"},"thumbnailUrl":"https:\/\/projetopack.com.br\/wp-content\/uploads\/2021\/02\/Capa-Podcast-09.png","datePublished":"2021-02-13T16:57:36+00:00","dateModified":"2021-04-27T05:23:31+00:00","description":"Foi a primeira entrevista com um convertedor de embalagens flex\u00edveis laminadas - a Camargo Embalagens, localizada na cidade de Tiet\u00ea, S\u00e3o Paulo.","breadcrumb":{"@id":"https:\/\/projetopack.com.br\/en\/o-que-aprendemos-no-packcast-com-a-camargo-embalagens\/#breadcrumb"},"inLanguage":"en-US","potentialAction":[{"@type":"ReadAction","target":["https:\/\/projetopack.com.br\/en\/o-que-aprendemos-no-packcast-com-a-camargo-embalagens\/"]}]},{"@type":"ImageObject","inLanguage":"en-US","@id":"https:\/\/projetopack.com.br\/en\/o-que-aprendemos-no-packcast-com-a-camargo-embalagens\/#primaryimage","url":"https:\/\/projetopack.com.br\/wp-content\/uploads\/2021\/02\/Capa-Podcast-09.png","contentUrl":"https:\/\/projetopack.com.br\/wp-content\/uploads\/2021\/02\/Capa-Podcast-09.png","width":1080,"height":1080},{"@type":"BreadcrumbList","@id":"https:\/\/projetopack.com.br\/en\/o-que-aprendemos-no-packcast-com-a-camargo-embalagens\/#breadcrumb","itemListElement":[{"@type":"ListItem","position":1,"name":"P\u00e1gina Inicial","item":"https:\/\/projetopack.com.br\/"},{"@type":"ListItem","position":2,"name":"Entrevistas","item":"https:\/\/projetopack.com.br\/category\/entrevistas\/"},{"@type":"ListItem","position":3,"name":"O que aprendemos no PackCast com a Camargo Embalagens?"}]},{"@type":"WebSite","@id":"https:\/\/projetopack.com.br\/#website","url":"https:\/\/projetopack.com.br\/","name":"ProjetoPack","description":"Consultoria e servi\u00e7os para embalagens, r\u00f3tulos, etiquetas e processos de impress\u00e3o","publisher":{"@id":"https:\/\/projetopack.com.br\/#organization"},"potentialAction":[{"@type":"SearchAction","target":{"@type":"EntryPoint","urlTemplate":"https:\/\/projetopack.com.br\/?s={search_term_string}"},"query-input":{"@type":"PropertyValueSpecification","valueRequired":true,"valueName":"search_term_string"}}],"inLanguage":"en-US"},{"@type":"Organization","@id":"https:\/\/projetopack.com.br\/#organization","name":"ProjetoPack & Associados","url":"https:\/\/projetopack.com.br\/","logo":{"@type":"ImageObject","inLanguage":"en-US","@id":"https:\/\/projetopack.com.br\/#\/schema\/logo\/image\/","url":"https:\/\/projetopack.com.br\/wp-content\/uploads\/2020\/09\/projetopack.png","contentUrl":"https:\/\/projetopack.com.br\/wp-content\/uploads\/2020\/09\/projetopack.png","width":200,"height":200,"caption":"ProjetoPack & Associados"},"image":{"@id":"https:\/\/projetopack.com.br\/#\/schema\/logo\/image\/"},"sameAs":["https:\/\/x.com\/ProjetoPack","https:\/\/www.linkedin.com\/company\/projetopack\/"]},{"@type":"Person","@id":"https:\/\/projetopack.com.br\/#\/schema\/person\/d17c72a4bc2b7e461496dd8a14d4cef1","name":"Andrea","image":{"@type":"ImageObject","inLanguage":"en-US","@id":"https:\/\/projetopack.com.br\/#\/schema\/person\/image\/","url":"https:\/\/projetopack.com.br\/wp-content\/uploads\/2026\/03\/eu-150x150.jpg","contentUrl":"https:\/\/projetopack.com.br\/wp-content\/uploads\/2026\/03\/eu-150x150.jpg","caption":"Andrea"},"url":"https:\/\/projetopack.com.br\/en\/author\/andrea\/"}]}},"_links":{"self":[{"href":"https:\/\/projetopack.com.br\/en\/wp-json\/wp\/v2\/posts\/9296","targetHints":{"allow":["GET"]}}],"collection":[{"href":"https:\/\/projetopack.com.br\/en\/wp-json\/wp\/v2\/posts"}],"about":[{"href":"https:\/\/projetopack.com.br\/en\/wp-json\/wp\/v2\/types\/post"}],"author":[{"embeddable":true,"href":"https:\/\/projetopack.com.br\/en\/wp-json\/wp\/v2\/users\/18"}],"replies":[{"embeddable":true,"href":"https:\/\/projetopack.com.br\/en\/wp-json\/wp\/v2\/comments?post=9296"}],"version-history":[{"count":0,"href":"https:\/\/projetopack.com.br\/en\/wp-json\/wp\/v2\/posts\/9296\/revisions"}],"wp:featuredmedia":[{"embeddable":true,"href":"https:\/\/projetopack.com.br\/en\/wp-json\/wp\/v2\/media\/9298"}],"wp:attachment":[{"href":"https:\/\/projetopack.com.br\/en\/wp-json\/wp\/v2\/media?parent=9296"}],"wp:term":[{"taxonomy":"category","embeddable":true,"href":"https:\/\/projetopack.com.br\/en\/wp-json\/wp\/v2\/categories?post=9296"},{"taxonomy":"post_tag","embeddable":true,"href":"https:\/\/projetopack.com.br\/en\/wp-json\/wp\/v2\/tags?post=9296"}],"curies":[{"name":"wp","href":"https:\/\/api.w.org\/{rel}","templated":true}]}}