{"id":9306,"date":"2021-02-13T19:20:43","date_gmt":"2021-02-13T22:20:43","guid":{"rendered":"https:\/\/www.projetopack.com.br\/?p=9306"},"modified":"2021-04-27T02:16:01","modified_gmt":"2021-04-27T05:16:01","slug":"o-que-aprendemos-no-packcast-com-a-sr-embalagens","status":"publish","type":"post","link":"https:\/\/projetopack.com.br\/en\/o-que-aprendemos-no-packcast-com-a-sr-embalagens\/","title":{"rendered":"O que aprendemos no PackCast com a SR Embalagens?"},"content":{"rendered":"<p>Recentemente, abrimos a segunda temporada do nosso podcast. Mantendo o protocolo, aproveitamos o v\u00eddeo para o formato webcast em nosso canal do YouTube (convidamos a todos para se inscreverem em ambos, links ao longo da postagem.<\/p>\n\n\n\n<p>A segunda entrevista foi com uma transformadora de embalagens flex\u00edveis monocamada de polietileno \u2013 a <a href=\"http:\/\/www.srembalagens.com.br\/pt\" target=\"_blank\" rel=\"noreferrer noopener\">SR Embalagens<\/a>, localizada na cidade de Barretos, S\u00e3o Paulo, na pessoa de seu CEO, <strong>S\u00e9rgio Carneiro<\/strong> <strong>Filho<\/strong>.<\/p>\n\n\n\n<figure class=\"wp-block-embed is-type-video is-provider-youtube wp-block-embed-youtube wp-embed-aspect-16-9 wp-has-aspect-ratio\"><div class=\"wp-block-embed__wrapper\">\n<iframe title=\"PackLive com a SR Embalagens\" width=\"800\" height=\"450\" src=\"https:\/\/www.youtube.com\/embed\/Bl1M9opbmKI?feature=oembed&#038;enablejsapi=1&#038;origin=https:\/\/projetopack.com.br\" frameborder=\"0\" allow=\"accelerometer; autoplay; clipboard-write; encrypted-media; gyroscope; picture-in-picture\" allowfullscreen><\/iframe>\n<\/div><\/figure>\n\n\n\n<p>A transformadora tem crescido de forma acelerada, chegando num patamar de produ\u00e7\u00e3o ao redor de 2.500 toneladas de embalagens flex\u00edveis de polietileno impressas ou lisas e uma parcela importante de resinas recicladas &#8211; na sua unidade de neg\u00f3cio <a href=\"http:\/\/www.srembalagens.com.br\/pt\/sobre-nos#barreflex\" target=\"_blank\" rel=\"noreferrer noopener\">Barreflex<\/a>.<\/p>\n\n\n\n<p>Uma parte importante da conversa foi a respeito do cen\u00e1rio an\u00f4malo da falta de resinas termopl\u00e1sticas no mercado (um fen\u00f4meno quase mundial) e dos sucessivos aumentos de pre\u00e7os deste insumo, em detrimento da escassez e outros tantos fatores ex\u00f3genos. A SR Embalagens cr\u00ea que a normaliza\u00e7\u00e3o esta por vir, mas muito possivelmente, no segundo semestre deste ano.<\/p>\n\n\n\n<figure class=\"wp-block-pullquote\"><blockquote><p>Para mitigar o problema, a empresa adotou o comedimento e a l\u00f3gica: &#8220;o comercial s\u00f3 pode vender o que est\u00e1 garantido na compra&#8221;, sentenciou S\u00e9rgio.<\/p><\/blockquote><\/figure>\n\n\n\n<p>S\u00e9rgio afirma que n\u00e3o raro, resinas recicladas produzidas na Barreflex t\u00eam rentabilidade acima de produtos transformados na SR &#8211; um efeito colateral da escassez do insumo e da pr\u00f3pria evolu\u00e7\u00e3o tecnol\u00f3gica e do processo de reciclagem industrial, que resulta numa resina com propriedades &#8220;interessantes&#8221; a algumas aplica\u00e7\u00f5es.<\/p>\n\n\n\n<p>Questionado sobre o perigo de incubar uma divis\u00e3o de reciclagem dentro de uma opera\u00e7\u00e3o de transforma\u00e7\u00e3o, no que se refere a &#8220;criar depend\u00eancia&#8221; da recicladora e &#8220;estimular apara na transforma\u00e7\u00e3o&#8221;, S\u00e9rgio deu o veredito: &#8220;O segredo \u00e9 um plano de metas bem estruturado e uma gest\u00e3o orientada para os resultados, imbu\u00edda de governan\u00e7a&#8221;.<\/p>\n\n\n\n<p>Discutiu-se sobre o impacto da guerra tribut\u00e1ria no mundo do PE (a pr\u00f3pria SR Embalagens possui unidade de transforma\u00e7\u00e3o na zona incentivada de Tr\u00eas Rios, RJ) e a tend\u00eancia \u00e0 redu\u00e7\u00e3o gradual das discrep\u00e2ncias e a inevitabilidade de uma reforma tribut\u00e1ria em algum momento no futuro.<\/p>\n\n\n\n<p>Diante de tantos outros temas interessantes, S\u00e9rgio compartilhou a sua experi\u00eancia pessoal na seara das fus\u00f5es e aquisi\u00e7\u00f5es e como este exerc\u00edcio deixou um legado positivo no \u00e2mbito da gest\u00e3o e transpar\u00eancia \u00e0 organiza\u00e7\u00e3o. <\/p>\n\n\n\n<div class=\"wp-block-group has-cyan-bluish-gray-background-color has-background\"><div class=\"wp-block-group__inner-container is-layout-flow wp-block-group-is-layout-flow\">\n<p>Talvez, na nossa vis\u00e3o, uma das mensagens mais importantes da SR Embalagens no PackCast foi a &#8220;puxada de orelha sutil&#8221; que nos foi dada ao tratar o segmento de polietileno como &#8220;commodity&#8221;.  Segundo S\u00e9rgio, &#8220;sempre \u00e9 poss\u00edvel criar algum diferencial, quer no desenvolvimento de uma formula\u00e7\u00e3o que apresente melhor performance no cliente, quer no aperfei\u00e7oamento de servi\u00e7os como o p\u00f3s-venda&#8221;.<\/p>\n<\/div><\/div>\n\n\n\n<p>A SR Embalagens \u00e9 mais um cliente no rol de empresas atendidas em consultoria e treinamentos pela <a href=\"https:\/\/projetopack.com.br\/\">ProjetoPack<\/a>.<\/p>\n\n\n\n<p><strong>Leia mais em nosso site:<\/strong><br><a href=\"https:\/\/projetopack.com.br\/sr-embalagens-aumenta-produtividade-com-a-nova-impressora-flexografica-comexi-f3\/\">SR Embalagens aumenta produtividade com nova Comexi<\/a><\/p>","protected":false},"excerpt":{"rendered":"<p>Recentemente, abrimos a segunda temporada do nosso podcast. Mantendo o protocolo, aproveitamos o v\u00eddeo para o formato webcast em nosso canal do YouTube (convidamos a todos para se inscreverem em ambos, links ao longo da postagem. A segunda entrevista foi com uma transformadora de embalagens flex\u00edveis monocamada de polietileno \u2013 a SR Embalagens, localizada na [&hellip;]<\/p>\n","protected":false},"author":18,"featured_media":9309,"comment_status":"open","ping_status":"closed","sticky":false,"template":"","format":"standard","meta":{"footnotes":""},"categories":[632],"tags":[548,502,511,487],"class_list":["post-9306","post","type-post","status-publish","format-standard","has-post-thumbnail","hentry","category-entrevistas","tag-embalagens-plasticas","tag-packcast","tag-packlive","tag-sr-embalagens"],"yoast_head":"<!-- This site is optimized with the Yoast SEO Premium plugin v27.1 (Yoast SEO v27.1.1) - https:\/\/yoast.com\/product\/yoast-seo-premium-wordpress\/ -->\n<title>O que aprendemos no PackCast com a SR Embalagens? - ProjetoPack<\/title>\n<meta name=\"description\" content=\"Entrevistamos a transformadora de embalagens flex\u00edveis monocamada de polietileno \u2013 a SR Embalagens, localizada em Barretos, S\u00e3o Paulo.\" \/>\n<meta name=\"robots\" content=\"index, follow, max-snippet:-1, max-image-preview:large, max-video-preview:-1\" \/>\n<link rel=\"canonical\" href=\"https:\/\/projetopack.com.br\/en\/o-que-aprendemos-no-packcast-com-a-sr-embalagens\/\" \/>\n<meta property=\"og:locale\" content=\"en_US\" \/>\n<meta property=\"og:type\" content=\"article\" \/>\n<meta property=\"og:title\" content=\"O que aprendemos no PackCast com a SR Embalagens?\" \/>\n<meta property=\"og:description\" content=\"Entrevistamos a transformadora de embalagens flex\u00edveis monocamada de polietileno \u2013 a SR Embalagens, localizada em Barretos, S\u00e3o Paulo.\" \/>\n<meta property=\"og:url\" content=\"https:\/\/projetopack.com.br\/en\/o-que-aprendemos-no-packcast-com-a-sr-embalagens\/\" \/>\n<meta property=\"og:site_name\" content=\"ProjetoPack\" \/>\n<meta property=\"article:published_time\" content=\"2021-02-13T22:20:43+00:00\" \/>\n<meta property=\"article:modified_time\" content=\"2021-04-27T05:16:01+00:00\" \/>\n<meta property=\"og:image\" content=\"https:\/\/projetopack.com.br\/wp-content\/uploads\/2021\/02\/Capa-Podcast-10.png\" \/>\n\t<meta property=\"og:image:width\" content=\"1080\" \/>\n\t<meta property=\"og:image:height\" content=\"1080\" \/>\n\t<meta property=\"og:image:type\" content=\"image\/png\" \/>\n<meta name=\"author\" content=\"Andrea\" \/>\n<meta name=\"twitter:card\" content=\"summary_large_image\" \/>\n<meta name=\"twitter:creator\" content=\"@ProjetoPack\" \/>\n<meta name=\"twitter:site\" content=\"@ProjetoPack\" \/>\n<meta name=\"twitter:label1\" content=\"Written by\" \/>\n\t<meta name=\"twitter:data1\" content=\"Andrea\" \/>\n\t<meta name=\"twitter:label2\" content=\"Est. reading time\" \/>\n\t<meta name=\"twitter:data2\" content=\"3 minutes\" \/>\n<script type=\"application\/ld+json\" class=\"yoast-schema-graph\">{\"@context\":\"https:\/\/schema.org\",\"@graph\":[{\"@type\":\"Article\",\"@id\":\"https:\/\/projetopack.com.br\/en\/o-que-aprendemos-no-packcast-com-a-sr-embalagens\/#article\",\"isPartOf\":{\"@id\":\"https:\/\/projetopack.com.br\/en\/o-que-aprendemos-no-packcast-com-a-sr-embalagens\/\"},\"author\":{\"name\":\"Andrea\",\"@id\":\"https:\/\/projetopack.com.br\/#\/schema\/person\/d17c72a4bc2b7e461496dd8a14d4cef1\"},\"headline\":\"O que aprendemos no PackCast com a SR Embalagens?\",\"datePublished\":\"2021-02-13T22:20:43+00:00\",\"dateModified\":\"2021-04-27T05:16:01+00:00\",\"mainEntityOfPage\":{\"@id\":\"https:\/\/projetopack.com.br\/en\/o-que-aprendemos-no-packcast-com-a-sr-embalagens\/\"},\"wordCount\":522,\"commentCount\":0,\"publisher\":{\"@id\":\"https:\/\/projetopack.com.br\/#organization\"},\"image\":{\"@id\":\"https:\/\/projetopack.com.br\/en\/o-que-aprendemos-no-packcast-com-a-sr-embalagens\/#primaryimage\"},\"thumbnailUrl\":\"https:\/\/projetopack.com.br\/wp-content\/uploads\/2021\/02\/Capa-Podcast-10.png\",\"keywords\":[\"embalagens pl\u00e1sticas\",\"packcast\",\"packlive\",\"SR Embalagens\"],\"articleSection\":[\"Entrevistas\"],\"inLanguage\":\"en-US\",\"potentialAction\":[{\"@type\":\"CommentAction\",\"name\":\"Comment\",\"target\":[\"https:\/\/projetopack.com.br\/en\/o-que-aprendemos-no-packcast-com-a-sr-embalagens\/#respond\"]}]},{\"@type\":\"WebPage\",\"@id\":\"https:\/\/projetopack.com.br\/en\/o-que-aprendemos-no-packcast-com-a-sr-embalagens\/\",\"url\":\"https:\/\/projetopack.com.br\/en\/o-que-aprendemos-no-packcast-com-a-sr-embalagens\/\",\"name\":\"O que aprendemos no PackCast com a SR Embalagens? - ProjetoPack\",\"isPartOf\":{\"@id\":\"https:\/\/projetopack.com.br\/#website\"},\"primaryImageOfPage\":{\"@id\":\"https:\/\/projetopack.com.br\/en\/o-que-aprendemos-no-packcast-com-a-sr-embalagens\/#primaryimage\"},\"image\":{\"@id\":\"https:\/\/projetopack.com.br\/en\/o-que-aprendemos-no-packcast-com-a-sr-embalagens\/#primaryimage\"},\"thumbnailUrl\":\"https:\/\/projetopack.com.br\/wp-content\/uploads\/2021\/02\/Capa-Podcast-10.png\",\"datePublished\":\"2021-02-13T22:20:43+00:00\",\"dateModified\":\"2021-04-27T05:16:01+00:00\",\"description\":\"Entrevistamos a transformadora de embalagens flex\u00edveis monocamada de polietileno \u2013 a SR Embalagens, localizada em Barretos, S\u00e3o Paulo.\",\"breadcrumb\":{\"@id\":\"https:\/\/projetopack.com.br\/en\/o-que-aprendemos-no-packcast-com-a-sr-embalagens\/#breadcrumb\"},\"inLanguage\":\"en-US\",\"potentialAction\":[{\"@type\":\"ReadAction\",\"target\":[\"https:\/\/projetopack.com.br\/en\/o-que-aprendemos-no-packcast-com-a-sr-embalagens\/\"]}]},{\"@type\":\"ImageObject\",\"inLanguage\":\"en-US\",\"@id\":\"https:\/\/projetopack.com.br\/en\/o-que-aprendemos-no-packcast-com-a-sr-embalagens\/#primaryimage\",\"url\":\"https:\/\/projetopack.com.br\/wp-content\/uploads\/2021\/02\/Capa-Podcast-10.png\",\"contentUrl\":\"https:\/\/projetopack.com.br\/wp-content\/uploads\/2021\/02\/Capa-Podcast-10.png\",\"width\":1080,\"height\":1080},{\"@type\":\"BreadcrumbList\",\"@id\":\"https:\/\/projetopack.com.br\/en\/o-que-aprendemos-no-packcast-com-a-sr-embalagens\/#breadcrumb\",\"itemListElement\":[{\"@type\":\"ListItem\",\"position\":1,\"name\":\"P\u00e1gina Inicial\",\"item\":\"https:\/\/projetopack.com.br\/\"},{\"@type\":\"ListItem\",\"position\":2,\"name\":\"Entrevistas\",\"item\":\"https:\/\/projetopack.com.br\/category\/entrevistas\/\"},{\"@type\":\"ListItem\",\"position\":3,\"name\":\"O que aprendemos no PackCast com a SR Embalagens?\"}]},{\"@type\":\"WebSite\",\"@id\":\"https:\/\/projetopack.com.br\/#website\",\"url\":\"https:\/\/projetopack.com.br\/\",\"name\":\"ProjetoPack\",\"description\":\"Consultoria e servi\u00e7os para embalagens, r\u00f3tulos, etiquetas e processos de impress\u00e3o\",\"publisher\":{\"@id\":\"https:\/\/projetopack.com.br\/#organization\"},\"potentialAction\":[{\"@type\":\"SearchAction\",\"target\":{\"@type\":\"EntryPoint\",\"urlTemplate\":\"https:\/\/projetopack.com.br\/?s={search_term_string}\"},\"query-input\":{\"@type\":\"PropertyValueSpecification\",\"valueRequired\":true,\"valueName\":\"search_term_string\"}}],\"inLanguage\":\"en-US\"},{\"@type\":\"Organization\",\"@id\":\"https:\/\/projetopack.com.br\/#organization\",\"name\":\"ProjetoPack & Associados\",\"url\":\"https:\/\/projetopack.com.br\/\",\"logo\":{\"@type\":\"ImageObject\",\"inLanguage\":\"en-US\",\"@id\":\"https:\/\/projetopack.com.br\/#\/schema\/logo\/image\/\",\"url\":\"https:\/\/projetopack.com.br\/wp-content\/uploads\/2020\/09\/projetopack.png\",\"contentUrl\":\"https:\/\/projetopack.com.br\/wp-content\/uploads\/2020\/09\/projetopack.png\",\"width\":200,\"height\":200,\"caption\":\"ProjetoPack & Associados\"},\"image\":{\"@id\":\"https:\/\/projetopack.com.br\/#\/schema\/logo\/image\/\"},\"sameAs\":[\"https:\/\/x.com\/ProjetoPack\",\"https:\/\/www.linkedin.com\/company\/projetopack\/\"]},{\"@type\":\"Person\",\"@id\":\"https:\/\/projetopack.com.br\/#\/schema\/person\/d17c72a4bc2b7e461496dd8a14d4cef1\",\"name\":\"Andrea\",\"image\":{\"@type\":\"ImageObject\",\"inLanguage\":\"en-US\",\"@id\":\"https:\/\/projetopack.com.br\/#\/schema\/person\/image\/\",\"url\":\"https:\/\/projetopack.com.br\/wp-content\/uploads\/2026\/03\/eu-150x150.jpg\",\"contentUrl\":\"https:\/\/projetopack.com.br\/wp-content\/uploads\/2026\/03\/eu-150x150.jpg\",\"caption\":\"Andrea\"},\"url\":\"https:\/\/projetopack.com.br\/en\/author\/andrea\/\"}]}<\/script>\n<!-- \/ Yoast SEO Premium plugin. -->","yoast_head_json":{"title":"O que aprendemos no PackCast com a SR Embalagens? - ProjetoPack","description":"Entrevistamos a transformadora de embalagens flex\u00edveis monocamada de polietileno \u2013 a SR Embalagens, localizada em Barretos, S\u00e3o Paulo.","robots":{"index":"index","follow":"follow","max-snippet":"max-snippet:-1","max-image-preview":"max-image-preview:large","max-video-preview":"max-video-preview:-1"},"canonical":"https:\/\/projetopack.com.br\/en\/o-que-aprendemos-no-packcast-com-a-sr-embalagens\/","og_locale":"en_US","og_type":"article","og_title":"O que aprendemos no PackCast com a SR Embalagens?","og_description":"Entrevistamos a transformadora de embalagens flex\u00edveis monocamada de polietileno \u2013 a SR Embalagens, localizada em Barretos, S\u00e3o Paulo.","og_url":"https:\/\/projetopack.com.br\/en\/o-que-aprendemos-no-packcast-com-a-sr-embalagens\/","og_site_name":"ProjetoPack","article_published_time":"2021-02-13T22:20:43+00:00","article_modified_time":"2021-04-27T05:16:01+00:00","og_image":[{"width":1080,"height":1080,"url":"https:\/\/projetopack.com.br\/wp-content\/uploads\/2021\/02\/Capa-Podcast-10.png","type":"image\/png"}],"author":"Andrea","twitter_card":"summary_large_image","twitter_creator":"@ProjetoPack","twitter_site":"@ProjetoPack","twitter_misc":{"Written by":"Andrea","Est. reading time":"3 minutes"},"schema":{"@context":"https:\/\/schema.org","@graph":[{"@type":"Article","@id":"https:\/\/projetopack.com.br\/en\/o-que-aprendemos-no-packcast-com-a-sr-embalagens\/#article","isPartOf":{"@id":"https:\/\/projetopack.com.br\/en\/o-que-aprendemos-no-packcast-com-a-sr-embalagens\/"},"author":{"name":"Andrea","@id":"https:\/\/projetopack.com.br\/#\/schema\/person\/d17c72a4bc2b7e461496dd8a14d4cef1"},"headline":"O que aprendemos no PackCast com a SR Embalagens?","datePublished":"2021-02-13T22:20:43+00:00","dateModified":"2021-04-27T05:16:01+00:00","mainEntityOfPage":{"@id":"https:\/\/projetopack.com.br\/en\/o-que-aprendemos-no-packcast-com-a-sr-embalagens\/"},"wordCount":522,"commentCount":0,"publisher":{"@id":"https:\/\/projetopack.com.br\/#organization"},"image":{"@id":"https:\/\/projetopack.com.br\/en\/o-que-aprendemos-no-packcast-com-a-sr-embalagens\/#primaryimage"},"thumbnailUrl":"https:\/\/projetopack.com.br\/wp-content\/uploads\/2021\/02\/Capa-Podcast-10.png","keywords":["embalagens pl\u00e1sticas","packcast","packlive","SR Embalagens"],"articleSection":["Entrevistas"],"inLanguage":"en-US","potentialAction":[{"@type":"CommentAction","name":"Comment","target":["https:\/\/projetopack.com.br\/en\/o-que-aprendemos-no-packcast-com-a-sr-embalagens\/#respond"]}]},{"@type":"WebPage","@id":"https:\/\/projetopack.com.br\/en\/o-que-aprendemos-no-packcast-com-a-sr-embalagens\/","url":"https:\/\/projetopack.com.br\/en\/o-que-aprendemos-no-packcast-com-a-sr-embalagens\/","name":"O que aprendemos no PackCast com a SR Embalagens? - ProjetoPack","isPartOf":{"@id":"https:\/\/projetopack.com.br\/#website"},"primaryImageOfPage":{"@id":"https:\/\/projetopack.com.br\/en\/o-que-aprendemos-no-packcast-com-a-sr-embalagens\/#primaryimage"},"image":{"@id":"https:\/\/projetopack.com.br\/en\/o-que-aprendemos-no-packcast-com-a-sr-embalagens\/#primaryimage"},"thumbnailUrl":"https:\/\/projetopack.com.br\/wp-content\/uploads\/2021\/02\/Capa-Podcast-10.png","datePublished":"2021-02-13T22:20:43+00:00","dateModified":"2021-04-27T05:16:01+00:00","description":"Entrevistamos a transformadora de embalagens flex\u00edveis monocamada de polietileno \u2013 a SR Embalagens, localizada em Barretos, S\u00e3o Paulo.","breadcrumb":{"@id":"https:\/\/projetopack.com.br\/en\/o-que-aprendemos-no-packcast-com-a-sr-embalagens\/#breadcrumb"},"inLanguage":"en-US","potentialAction":[{"@type":"ReadAction","target":["https:\/\/projetopack.com.br\/en\/o-que-aprendemos-no-packcast-com-a-sr-embalagens\/"]}]},{"@type":"ImageObject","inLanguage":"en-US","@id":"https:\/\/projetopack.com.br\/en\/o-que-aprendemos-no-packcast-com-a-sr-embalagens\/#primaryimage","url":"https:\/\/projetopack.com.br\/wp-content\/uploads\/2021\/02\/Capa-Podcast-10.png","contentUrl":"https:\/\/projetopack.com.br\/wp-content\/uploads\/2021\/02\/Capa-Podcast-10.png","width":1080,"height":1080},{"@type":"BreadcrumbList","@id":"https:\/\/projetopack.com.br\/en\/o-que-aprendemos-no-packcast-com-a-sr-embalagens\/#breadcrumb","itemListElement":[{"@type":"ListItem","position":1,"name":"P\u00e1gina Inicial","item":"https:\/\/projetopack.com.br\/"},{"@type":"ListItem","position":2,"name":"Entrevistas","item":"https:\/\/projetopack.com.br\/category\/entrevistas\/"},{"@type":"ListItem","position":3,"name":"O que aprendemos no PackCast com a SR Embalagens?"}]},{"@type":"WebSite","@id":"https:\/\/projetopack.com.br\/#website","url":"https:\/\/projetopack.com.br\/","name":"ProjetoPack","description":"Consultoria e servi\u00e7os para embalagens, r\u00f3tulos, etiquetas e processos de impress\u00e3o","publisher":{"@id":"https:\/\/projetopack.com.br\/#organization"},"potentialAction":[{"@type":"SearchAction","target":{"@type":"EntryPoint","urlTemplate":"https:\/\/projetopack.com.br\/?s={search_term_string}"},"query-input":{"@type":"PropertyValueSpecification","valueRequired":true,"valueName":"search_term_string"}}],"inLanguage":"en-US"},{"@type":"Organization","@id":"https:\/\/projetopack.com.br\/#organization","name":"ProjetoPack & Associados","url":"https:\/\/projetopack.com.br\/","logo":{"@type":"ImageObject","inLanguage":"en-US","@id":"https:\/\/projetopack.com.br\/#\/schema\/logo\/image\/","url":"https:\/\/projetopack.com.br\/wp-content\/uploads\/2020\/09\/projetopack.png","contentUrl":"https:\/\/projetopack.com.br\/wp-content\/uploads\/2020\/09\/projetopack.png","width":200,"height":200,"caption":"ProjetoPack & Associados"},"image":{"@id":"https:\/\/projetopack.com.br\/#\/schema\/logo\/image\/"},"sameAs":["https:\/\/x.com\/ProjetoPack","https:\/\/www.linkedin.com\/company\/projetopack\/"]},{"@type":"Person","@id":"https:\/\/projetopack.com.br\/#\/schema\/person\/d17c72a4bc2b7e461496dd8a14d4cef1","name":"Andrea","image":{"@type":"ImageObject","inLanguage":"en-US","@id":"https:\/\/projetopack.com.br\/#\/schema\/person\/image\/","url":"https:\/\/projetopack.com.br\/wp-content\/uploads\/2026\/03\/eu-150x150.jpg","contentUrl":"https:\/\/projetopack.com.br\/wp-content\/uploads\/2026\/03\/eu-150x150.jpg","caption":"Andrea"},"url":"https:\/\/projetopack.com.br\/en\/author\/andrea\/"}]}},"_links":{"self":[{"href":"https:\/\/projetopack.com.br\/en\/wp-json\/wp\/v2\/posts\/9306","targetHints":{"allow":["GET"]}}],"collection":[{"href":"https:\/\/projetopack.com.br\/en\/wp-json\/wp\/v2\/posts"}],"about":[{"href":"https:\/\/projetopack.com.br\/en\/wp-json\/wp\/v2\/types\/post"}],"author":[{"embeddable":true,"href":"https:\/\/projetopack.com.br\/en\/wp-json\/wp\/v2\/users\/18"}],"replies":[{"embeddable":true,"href":"https:\/\/projetopack.com.br\/en\/wp-json\/wp\/v2\/comments?post=9306"}],"version-history":[{"count":0,"href":"https:\/\/projetopack.com.br\/en\/wp-json\/wp\/v2\/posts\/9306\/revisions"}],"wp:featuredmedia":[{"embeddable":true,"href":"https:\/\/projetopack.com.br\/en\/wp-json\/wp\/v2\/media\/9309"}],"wp:attachment":[{"href":"https:\/\/projetopack.com.br\/en\/wp-json\/wp\/v2\/media?parent=9306"}],"wp:term":[{"taxonomy":"category","embeddable":true,"href":"https:\/\/projetopack.com.br\/en\/wp-json\/wp\/v2\/categories?post=9306"},{"taxonomy":"post_tag","embeddable":true,"href":"https:\/\/projetopack.com.br\/en\/wp-json\/wp\/v2\/tags?post=9306"}],"curies":[{"name":"wp","href":"https:\/\/api.w.org\/{rel}","templated":true}]}}