{"id":9375,"date":"2021-02-18T12:03:52","date_gmt":"2021-02-18T15:03:52","guid":{"rendered":"https:\/\/www.projetopack.com.br\/?p=9375"},"modified":"2021-04-27T02:06:12","modified_gmt":"2021-04-27T05:06:12","slug":"flexo-labels-2021-muda-a-data-para-21-a-24-de-julho","status":"publish","type":"post","link":"https:\/\/projetopack.com.br\/en\/flexo-labels-2021-muda-a-data-para-21-a-24-de-julho\/","title":{"rendered":"Flexo &#038; Labels 2021 muda a data para 21 a 24 de julho"},"content":{"rendered":"<p>Ainda convivemos com a Pandemia. A despeito da esperan\u00e7a da vacina, somos um pa\u00eds continental e, infelizmente, milhares de vidas ainda se perdem todos os dias.<\/p>\n\n\n\n<div class=\"wp-block-group has-cyan-bluish-gray-background-color has-background\"><div class=\"wp-block-group__inner-container is-layout-flow wp-block-group-is-layout-flow\">\n<p>Apesar da dificuldade que todo esse cen\u00e1rio representa no mundo dos neg\u00f3cios, preservar a vida de todos \u2013 profissionais da organiza\u00e7\u00e3o, visitantes, expositores \u2013 \u00e9 priorit\u00e1rio, enquanto esperamos por um ambiente mais est\u00e1vel e seguro.<\/p>\n<\/div><\/div>\n\n\n\n<p>Por isso, a Inmotion, organizadora da <strong><a href=\"https:\/\/flexoelabels.com\/\">Flexo &amp; Labels<\/a><\/strong>, est\u00e1 comunicando o adiamento de nossa feira para os dias <strong>21, 22, 23 e 24 de julho de 2021<\/strong>. O local continua a ser o <strong><a href=\"http:\/\/www.promagno.com.br\/\">Pro Magno Centro de Eventos<\/a>, em S\u00e3o Paulo<\/strong>. N\u00e3o \u00e9 uma mudan\u00e7a que planej\u00e1vamos, mas certamente \u00e9 uma altera\u00e7\u00e3o que trar\u00e1 mais seguran\u00e7a a todos, quando, de acordo com o calend\u00e1rio estadual de vacina\u00e7\u00e3o, j\u00e1 estar\u00e1 sendo aplicada a segunda dose da vacina.<\/p>\n\n\n\n<p>Nesta semana, enviaremos mais comunicados espec\u00edficos a expositores e ao p\u00fablico em geral sobre a altera\u00e7\u00e3o.<\/p>\n\n\n\n<p>Seguimos trabalhando para realizar um evento de refer\u00eancia em termos de neg\u00f3cios e oportunidades para os mercados de flexografia, r\u00f3tulos e etiquetas autoadesivas.<\/p>","protected":false},"excerpt":{"rendered":"<p>Ainda convivemos com a Pandemia. A despeito da esperan\u00e7a da vacina, somos um pa\u00eds continental e, infelizmente, milhares de vidas ainda se perdem todos os dias. Apesar da dificuldade que todo esse cen\u00e1rio representa no mundo dos neg\u00f3cios, preservar a vida de todos \u2013 profissionais da organiza\u00e7\u00e3o, visitantes, expositores \u2013 \u00e9 priorit\u00e1rio, enquanto esperamos por [&hellip;]<\/p>\n","protected":false},"author":18,"featured_media":8186,"comment_status":"open","ping_status":"closed","sticky":false,"template":"","format":"standard","meta":{"footnotes":""},"categories":[600],"tags":[602,601,245],"class_list":["post-9375","post","type-post","status-publish","format-standard","has-post-thumbnail","hentry","category-eventos","tag-feira","tag-flexoandlabels","tag-inmotion"],"yoast_head":"<!-- This site is optimized with the Yoast SEO Premium plugin v27.1 (Yoast SEO v27.1.1) - https:\/\/yoast.com\/product\/yoast-seo-premium-wordpress\/ -->\n<title>Flexo &amp; Labels 2021 muda a data para 21 a 24 de julho - ProjetoPack<\/title>\n<meta name=\"description\" content=\"A Inmotion, organizadora da Flexo &amp; Labels, est\u00e1 comunicando o adiamento de nossa feira para os dias 21, 22, 23 e 24 de julho de 2021.\" \/>\n<meta name=\"robots\" content=\"index, follow, max-snippet:-1, max-image-preview:large, max-video-preview:-1\" \/>\n<link rel=\"canonical\" href=\"https:\/\/projetopack.com.br\/en\/flexo-labels-2021-muda-a-data-para-21-a-24-de-julho\/\" \/>\n<meta property=\"og:locale\" content=\"en_US\" \/>\n<meta property=\"og:type\" content=\"article\" \/>\n<meta property=\"og:title\" content=\"Flexo &amp; Labels 2021 muda a data para 21 a 24 de julho\" \/>\n<meta property=\"og:description\" content=\"A Inmotion, organizadora da Flexo &amp; Labels, est\u00e1 comunicando o adiamento de nossa feira para os dias 21, 22, 23 e 24 de julho de 2021.\" \/>\n<meta property=\"og:url\" content=\"https:\/\/projetopack.com.br\/en\/flexo-labels-2021-muda-a-data-para-21-a-24-de-julho\/\" \/>\n<meta property=\"og:site_name\" content=\"ProjetoPack\" \/>\n<meta property=\"article:published_time\" content=\"2021-02-18T15:03:52+00:00\" \/>\n<meta property=\"article:modified_time\" content=\"2021-04-27T05:06:12+00:00\" \/>\n<meta property=\"og:image\" content=\"https:\/\/projetopack.com.br\/wp-content\/uploads\/2020\/12\/Logo-FlexoeLabels2021.jpg\" \/>\n\t<meta property=\"og:image:width\" content=\"1000\" \/>\n\t<meta property=\"og:image:height\" content=\"1000\" \/>\n\t<meta property=\"og:image:type\" content=\"image\/jpeg\" \/>\n<meta name=\"author\" content=\"Andrea\" \/>\n<meta name=\"twitter:card\" content=\"summary_large_image\" \/>\n<meta name=\"twitter:creator\" content=\"@ProjetoPack\" \/>\n<meta name=\"twitter:site\" content=\"@ProjetoPack\" \/>\n<meta name=\"twitter:label1\" content=\"Written by\" \/>\n\t<meta name=\"twitter:data1\" content=\"Andrea\" \/>\n\t<meta name=\"twitter:label2\" content=\"Est. reading time\" \/>\n\t<meta name=\"twitter:data2\" content=\"1 minute\" \/>\n<script type=\"application\/ld+json\" class=\"yoast-schema-graph\">{\"@context\":\"https:\/\/schema.org\",\"@graph\":[{\"@type\":\"Article\",\"@id\":\"https:\/\/projetopack.com.br\/en\/flexo-labels-2021-muda-a-data-para-21-a-24-de-julho\/#article\",\"isPartOf\":{\"@id\":\"https:\/\/projetopack.com.br\/en\/flexo-labels-2021-muda-a-data-para-21-a-24-de-julho\/\"},\"author\":{\"name\":\"Andrea\",\"@id\":\"https:\/\/projetopack.com.br\/#\/schema\/person\/d17c72a4bc2b7e461496dd8a14d4cef1\"},\"headline\":\"Flexo &#038; Labels 2021 muda a data para 21 a 24 de julho\",\"datePublished\":\"2021-02-18T15:03:52+00:00\",\"dateModified\":\"2021-04-27T05:06:12+00:00\",\"mainEntityOfPage\":{\"@id\":\"https:\/\/projetopack.com.br\/en\/flexo-labels-2021-muda-a-data-para-21-a-24-de-julho\/\"},\"wordCount\":197,\"commentCount\":0,\"publisher\":{\"@id\":\"https:\/\/projetopack.com.br\/#organization\"},\"image\":{\"@id\":\"https:\/\/projetopack.com.br\/en\/flexo-labels-2021-muda-a-data-para-21-a-24-de-julho\/#primaryimage\"},\"thumbnailUrl\":\"https:\/\/projetopack.com.br\/wp-content\/uploads\/2020\/12\/Logo-FlexoeLabels2021.jpg\",\"keywords\":[\"feira\",\"flexoandlabels\",\"inmotion\"],\"articleSection\":[\"Eventos\"],\"inLanguage\":\"en-US\",\"potentialAction\":[{\"@type\":\"CommentAction\",\"name\":\"Comment\",\"target\":[\"https:\/\/projetopack.com.br\/en\/flexo-labels-2021-muda-a-data-para-21-a-24-de-julho\/#respond\"]}]},{\"@type\":\"WebPage\",\"@id\":\"https:\/\/projetopack.com.br\/en\/flexo-labels-2021-muda-a-data-para-21-a-24-de-julho\/\",\"url\":\"https:\/\/projetopack.com.br\/en\/flexo-labels-2021-muda-a-data-para-21-a-24-de-julho\/\",\"name\":\"Flexo & Labels 2021 muda a data para 21 a 24 de julho - ProjetoPack\",\"isPartOf\":{\"@id\":\"https:\/\/projetopack.com.br\/#website\"},\"primaryImageOfPage\":{\"@id\":\"https:\/\/projetopack.com.br\/en\/flexo-labels-2021-muda-a-data-para-21-a-24-de-julho\/#primaryimage\"},\"image\":{\"@id\":\"https:\/\/projetopack.com.br\/en\/flexo-labels-2021-muda-a-data-para-21-a-24-de-julho\/#primaryimage\"},\"thumbnailUrl\":\"https:\/\/projetopack.com.br\/wp-content\/uploads\/2020\/12\/Logo-FlexoeLabels2021.jpg\",\"datePublished\":\"2021-02-18T15:03:52+00:00\",\"dateModified\":\"2021-04-27T05:06:12+00:00\",\"description\":\"A Inmotion, organizadora da Flexo & Labels, est\u00e1 comunicando o adiamento de nossa feira para os dias 21, 22, 23 e 24 de julho de 2021.\",\"breadcrumb\":{\"@id\":\"https:\/\/projetopack.com.br\/en\/flexo-labels-2021-muda-a-data-para-21-a-24-de-julho\/#breadcrumb\"},\"inLanguage\":\"en-US\",\"potentialAction\":[{\"@type\":\"ReadAction\",\"target\":[\"https:\/\/projetopack.com.br\/en\/flexo-labels-2021-muda-a-data-para-21-a-24-de-julho\/\"]}]},{\"@type\":\"ImageObject\",\"inLanguage\":\"en-US\",\"@id\":\"https:\/\/projetopack.com.br\/en\/flexo-labels-2021-muda-a-data-para-21-a-24-de-julho\/#primaryimage\",\"url\":\"https:\/\/projetopack.com.br\/wp-content\/uploads\/2020\/12\/Logo-FlexoeLabels2021.jpg\",\"contentUrl\":\"https:\/\/projetopack.com.br\/wp-content\/uploads\/2020\/12\/Logo-FlexoeLabels2021.jpg\",\"width\":1000,\"height\":1000},{\"@type\":\"BreadcrumbList\",\"@id\":\"https:\/\/projetopack.com.br\/en\/flexo-labels-2021-muda-a-data-para-21-a-24-de-julho\/#breadcrumb\",\"itemListElement\":[{\"@type\":\"ListItem\",\"position\":1,\"name\":\"P\u00e1gina Inicial\",\"item\":\"https:\/\/projetopack.com.br\/\"},{\"@type\":\"ListItem\",\"position\":2,\"name\":\"Eventos\",\"item\":\"https:\/\/projetopack.com.br\/category\/eventos\/\"},{\"@type\":\"ListItem\",\"position\":3,\"name\":\"Flexo &#038; Labels 2021 muda a data para 21 a 24 de julho\"}]},{\"@type\":\"WebSite\",\"@id\":\"https:\/\/projetopack.com.br\/#website\",\"url\":\"https:\/\/projetopack.com.br\/\",\"name\":\"ProjetoPack\",\"description\":\"Consultoria e servi\u00e7os para embalagens, r\u00f3tulos, etiquetas e processos de impress\u00e3o\",\"publisher\":{\"@id\":\"https:\/\/projetopack.com.br\/#organization\"},\"potentialAction\":[{\"@type\":\"SearchAction\",\"target\":{\"@type\":\"EntryPoint\",\"urlTemplate\":\"https:\/\/projetopack.com.br\/?s={search_term_string}\"},\"query-input\":{\"@type\":\"PropertyValueSpecification\",\"valueRequired\":true,\"valueName\":\"search_term_string\"}}],\"inLanguage\":\"en-US\"},{\"@type\":\"Organization\",\"@id\":\"https:\/\/projetopack.com.br\/#organization\",\"name\":\"ProjetoPack & Associados\",\"url\":\"https:\/\/projetopack.com.br\/\",\"logo\":{\"@type\":\"ImageObject\",\"inLanguage\":\"en-US\",\"@id\":\"https:\/\/projetopack.com.br\/#\/schema\/logo\/image\/\",\"url\":\"https:\/\/projetopack.com.br\/wp-content\/uploads\/2020\/09\/projetopack.png\",\"contentUrl\":\"https:\/\/projetopack.com.br\/wp-content\/uploads\/2020\/09\/projetopack.png\",\"width\":200,\"height\":200,\"caption\":\"ProjetoPack & Associados\"},\"image\":{\"@id\":\"https:\/\/projetopack.com.br\/#\/schema\/logo\/image\/\"},\"sameAs\":[\"https:\/\/x.com\/ProjetoPack\",\"https:\/\/www.linkedin.com\/company\/projetopack\/\"]},{\"@type\":\"Person\",\"@id\":\"https:\/\/projetopack.com.br\/#\/schema\/person\/d17c72a4bc2b7e461496dd8a14d4cef1\",\"name\":\"Andrea\",\"image\":{\"@type\":\"ImageObject\",\"inLanguage\":\"en-US\",\"@id\":\"https:\/\/projetopack.com.br\/#\/schema\/person\/image\/\",\"url\":\"https:\/\/projetopack.com.br\/wp-content\/uploads\/2026\/03\/eu-150x150.jpg\",\"contentUrl\":\"https:\/\/projetopack.com.br\/wp-content\/uploads\/2026\/03\/eu-150x150.jpg\",\"caption\":\"Andrea\"},\"url\":\"https:\/\/projetopack.com.br\/en\/author\/andrea\/\"}]}<\/script>\n<!-- \/ Yoast SEO Premium plugin. -->","yoast_head_json":{"title":"Flexo & Labels 2021 muda a data para 21 a 24 de julho - ProjetoPack","description":"A Inmotion, organizadora da Flexo & Labels, est\u00e1 comunicando o adiamento de nossa feira para os dias 21, 22, 23 e 24 de julho de 2021.","robots":{"index":"index","follow":"follow","max-snippet":"max-snippet:-1","max-image-preview":"max-image-preview:large","max-video-preview":"max-video-preview:-1"},"canonical":"https:\/\/projetopack.com.br\/en\/flexo-labels-2021-muda-a-data-para-21-a-24-de-julho\/","og_locale":"en_US","og_type":"article","og_title":"Flexo & Labels 2021 muda a data para 21 a 24 de julho","og_description":"A Inmotion, organizadora da Flexo & Labels, est\u00e1 comunicando o adiamento de nossa feira para os dias 21, 22, 23 e 24 de julho de 2021.","og_url":"https:\/\/projetopack.com.br\/en\/flexo-labels-2021-muda-a-data-para-21-a-24-de-julho\/","og_site_name":"ProjetoPack","article_published_time":"2021-02-18T15:03:52+00:00","article_modified_time":"2021-04-27T05:06:12+00:00","og_image":[{"width":1000,"height":1000,"url":"https:\/\/projetopack.com.br\/wp-content\/uploads\/2020\/12\/Logo-FlexoeLabels2021.jpg","type":"image\/jpeg"}],"author":"Andrea","twitter_card":"summary_large_image","twitter_creator":"@ProjetoPack","twitter_site":"@ProjetoPack","twitter_misc":{"Written by":"Andrea","Est. reading time":"1 minute"},"schema":{"@context":"https:\/\/schema.org","@graph":[{"@type":"Article","@id":"https:\/\/projetopack.com.br\/en\/flexo-labels-2021-muda-a-data-para-21-a-24-de-julho\/#article","isPartOf":{"@id":"https:\/\/projetopack.com.br\/en\/flexo-labels-2021-muda-a-data-para-21-a-24-de-julho\/"},"author":{"name":"Andrea","@id":"https:\/\/projetopack.com.br\/#\/schema\/person\/d17c72a4bc2b7e461496dd8a14d4cef1"},"headline":"Flexo &#038; Labels 2021 muda a data para 21 a 24 de julho","datePublished":"2021-02-18T15:03:52+00:00","dateModified":"2021-04-27T05:06:12+00:00","mainEntityOfPage":{"@id":"https:\/\/projetopack.com.br\/en\/flexo-labels-2021-muda-a-data-para-21-a-24-de-julho\/"},"wordCount":197,"commentCount":0,"publisher":{"@id":"https:\/\/projetopack.com.br\/#organization"},"image":{"@id":"https:\/\/projetopack.com.br\/en\/flexo-labels-2021-muda-a-data-para-21-a-24-de-julho\/#primaryimage"},"thumbnailUrl":"https:\/\/projetopack.com.br\/wp-content\/uploads\/2020\/12\/Logo-FlexoeLabels2021.jpg","keywords":["feira","flexoandlabels","inmotion"],"articleSection":["Eventos"],"inLanguage":"en-US","potentialAction":[{"@type":"CommentAction","name":"Comment","target":["https:\/\/projetopack.com.br\/en\/flexo-labels-2021-muda-a-data-para-21-a-24-de-julho\/#respond"]}]},{"@type":"WebPage","@id":"https:\/\/projetopack.com.br\/en\/flexo-labels-2021-muda-a-data-para-21-a-24-de-julho\/","url":"https:\/\/projetopack.com.br\/en\/flexo-labels-2021-muda-a-data-para-21-a-24-de-julho\/","name":"Flexo & Labels 2021 muda a data para 21 a 24 de julho - ProjetoPack","isPartOf":{"@id":"https:\/\/projetopack.com.br\/#website"},"primaryImageOfPage":{"@id":"https:\/\/projetopack.com.br\/en\/flexo-labels-2021-muda-a-data-para-21-a-24-de-julho\/#primaryimage"},"image":{"@id":"https:\/\/projetopack.com.br\/en\/flexo-labels-2021-muda-a-data-para-21-a-24-de-julho\/#primaryimage"},"thumbnailUrl":"https:\/\/projetopack.com.br\/wp-content\/uploads\/2020\/12\/Logo-FlexoeLabels2021.jpg","datePublished":"2021-02-18T15:03:52+00:00","dateModified":"2021-04-27T05:06:12+00:00","description":"A Inmotion, organizadora da Flexo & Labels, est\u00e1 comunicando o adiamento de nossa feira para os dias 21, 22, 23 e 24 de julho de 2021.","breadcrumb":{"@id":"https:\/\/projetopack.com.br\/en\/flexo-labels-2021-muda-a-data-para-21-a-24-de-julho\/#breadcrumb"},"inLanguage":"en-US","potentialAction":[{"@type":"ReadAction","target":["https:\/\/projetopack.com.br\/en\/flexo-labels-2021-muda-a-data-para-21-a-24-de-julho\/"]}]},{"@type":"ImageObject","inLanguage":"en-US","@id":"https:\/\/projetopack.com.br\/en\/flexo-labels-2021-muda-a-data-para-21-a-24-de-julho\/#primaryimage","url":"https:\/\/projetopack.com.br\/wp-content\/uploads\/2020\/12\/Logo-FlexoeLabels2021.jpg","contentUrl":"https:\/\/projetopack.com.br\/wp-content\/uploads\/2020\/12\/Logo-FlexoeLabels2021.jpg","width":1000,"height":1000},{"@type":"BreadcrumbList","@id":"https:\/\/projetopack.com.br\/en\/flexo-labels-2021-muda-a-data-para-21-a-24-de-julho\/#breadcrumb","itemListElement":[{"@type":"ListItem","position":1,"name":"P\u00e1gina Inicial","item":"https:\/\/projetopack.com.br\/"},{"@type":"ListItem","position":2,"name":"Eventos","item":"https:\/\/projetopack.com.br\/category\/eventos\/"},{"@type":"ListItem","position":3,"name":"Flexo &#038; Labels 2021 muda a data para 21 a 24 de julho"}]},{"@type":"WebSite","@id":"https:\/\/projetopack.com.br\/#website","url":"https:\/\/projetopack.com.br\/","name":"ProjetoPack","description":"Consultoria e servi\u00e7os para embalagens, r\u00f3tulos, etiquetas e processos de impress\u00e3o","publisher":{"@id":"https:\/\/projetopack.com.br\/#organization"},"potentialAction":[{"@type":"SearchAction","target":{"@type":"EntryPoint","urlTemplate":"https:\/\/projetopack.com.br\/?s={search_term_string}"},"query-input":{"@type":"PropertyValueSpecification","valueRequired":true,"valueName":"search_term_string"}}],"inLanguage":"en-US"},{"@type":"Organization","@id":"https:\/\/projetopack.com.br\/#organization","name":"ProjetoPack & Associados","url":"https:\/\/projetopack.com.br\/","logo":{"@type":"ImageObject","inLanguage":"en-US","@id":"https:\/\/projetopack.com.br\/#\/schema\/logo\/image\/","url":"https:\/\/projetopack.com.br\/wp-content\/uploads\/2020\/09\/projetopack.png","contentUrl":"https:\/\/projetopack.com.br\/wp-content\/uploads\/2020\/09\/projetopack.png","width":200,"height":200,"caption":"ProjetoPack & Associados"},"image":{"@id":"https:\/\/projetopack.com.br\/#\/schema\/logo\/image\/"},"sameAs":["https:\/\/x.com\/ProjetoPack","https:\/\/www.linkedin.com\/company\/projetopack\/"]},{"@type":"Person","@id":"https:\/\/projetopack.com.br\/#\/schema\/person\/d17c72a4bc2b7e461496dd8a14d4cef1","name":"Andrea","image":{"@type":"ImageObject","inLanguage":"en-US","@id":"https:\/\/projetopack.com.br\/#\/schema\/person\/image\/","url":"https:\/\/projetopack.com.br\/wp-content\/uploads\/2026\/03\/eu-150x150.jpg","contentUrl":"https:\/\/projetopack.com.br\/wp-content\/uploads\/2026\/03\/eu-150x150.jpg","caption":"Andrea"},"url":"https:\/\/projetopack.com.br\/en\/author\/andrea\/"}]}},"_links":{"self":[{"href":"https:\/\/projetopack.com.br\/en\/wp-json\/wp\/v2\/posts\/9375","targetHints":{"allow":["GET"]}}],"collection":[{"href":"https:\/\/projetopack.com.br\/en\/wp-json\/wp\/v2\/posts"}],"about":[{"href":"https:\/\/projetopack.com.br\/en\/wp-json\/wp\/v2\/types\/post"}],"author":[{"embeddable":true,"href":"https:\/\/projetopack.com.br\/en\/wp-json\/wp\/v2\/users\/18"}],"replies":[{"embeddable":true,"href":"https:\/\/projetopack.com.br\/en\/wp-json\/wp\/v2\/comments?post=9375"}],"version-history":[{"count":0,"href":"https:\/\/projetopack.com.br\/en\/wp-json\/wp\/v2\/posts\/9375\/revisions"}],"wp:featuredmedia":[{"embeddable":true,"href":"https:\/\/projetopack.com.br\/en\/wp-json\/wp\/v2\/media\/8186"}],"wp:attachment":[{"href":"https:\/\/projetopack.com.br\/en\/wp-json\/wp\/v2\/media?parent=9375"}],"wp:term":[{"taxonomy":"category","embeddable":true,"href":"https:\/\/projetopack.com.br\/en\/wp-json\/wp\/v2\/categories?post=9375"},{"taxonomy":"post_tag","embeddable":true,"href":"https:\/\/projetopack.com.br\/en\/wp-json\/wp\/v2\/tags?post=9375"}],"curies":[{"name":"wp","href":"https:\/\/api.w.org\/{rel}","templated":true}]}}