{"id":9498,"date":"2021-02-22T15:59:47","date_gmt":"2021-02-22T18:59:47","guid":{"rendered":"https:\/\/www.projetopack.com.br\/?p=9498"},"modified":"2021-02-23T09:18:59","modified_gmt":"2021-02-23T12:18:59","slug":"projetopack-em-revista-83-aborda-a-visao-do-dono-de-marca","status":"publish","type":"post","link":"https:\/\/projetopack.com.br\/en\/projetopack-em-revista-83-aborda-a-visao-do-dono-de-marca\/","title":{"rendered":"ProjetoPack em Revista 83 aborda a vis\u00e3o do dono de marca"},"content":{"rendered":"<p>Com a mat\u00e9ria de capa de <strong>Leila Malta<\/strong>, experiente executiva de inova\u00e7\u00e3o com passagens pela Unilever, Ecolab, Reckitt Benckiser, PepsiCo e Nestl\u00e9 &#8211; e fundadora da <a href=\"https:\/\/www.linnobureau.com\/pt-br\">L&#8217;inno Bureau<\/a>, uma consultoria especializada em inova\u00e7\u00e3o de embalagens, a ProjetoPack em Revista estreou a sua pauta especial com a vis\u00e3o do dono da marca para temas centrais do ecossistema embalagem.<\/p>\n\n\n\n<figure class=\"wp-block-image size-full\"><img fetchpriority=\"high\" decoding=\"async\" width=\"1258\" height=\"1654\" src=\"https:\/\/projetopack.com.br\/wp-content\/uploads\/2021\/02\/83-1.jpg\" alt=\"\" class=\"wp-image-9503\" srcset=\"https:\/\/projetopack.com.br\/wp-content\/uploads\/2021\/02\/83-1.jpg 1258w, https:\/\/projetopack.com.br\/wp-content\/uploads\/2021\/02\/83-1-300x394.jpg 300w, https:\/\/projetopack.com.br\/wp-content\/uploads\/2021\/02\/83-1-600x789.jpg 600w, https:\/\/projetopack.com.br\/wp-content\/uploads\/2021\/02\/83-1-768x1009.jpg 768w\" sizes=\"(max-width: 1258px) 100vw, 1258px\" \/><\/figure>\n\n\n\n<figure class=\"wp-block-pullquote\"><blockquote><p>O primeiro deles \u00e9 a corajosa tentativa de responder \u00e0 pergunta: &#8220;Por que as empresas querem ser sustent\u00e1veis?&#8221;<\/p><\/blockquote><\/figure>\n\n\n\n<p>O artigo fala sobre a conex\u00e3o entre o valor de mercado das empresas e as pr\u00e1ticas de sustentabilidade, sobre ecodesign, desafios na reciclagem e uso de materiais oriundos de fontes renov\u00e1veis, no prolongamento do ciclo de vida dos produtos e muito mais. \u00c9 um verdadeiro MBA sobre o tema, que vale a sua leitura.<\/p>\n\n\n\n<p>A pauta, claro, traz muitos outros temas interessant\u00edssimos e convergentes \u00e0 tem\u00e1tica central: a influ\u00eancia da ind\u00fastria 4.0 na manufatura sustent\u00e1vel (por <strong>Saulo Figueiredo<\/strong>, engenheiro de projetos da <a href=\"https:\/\/www.flexopower.com.br\/\">Flexopower<\/a>), a possibilidade de os pre\u00e7os das embalagens estarem mal ancorados (um excelente estudo de <strong>Andr\u00ea Gazineu<\/strong>, da convertedora <a href=\"http:\/\/www.plastimarau.com.br\/\">Plastimarau<\/a>) e desmistifica temas como o qu\u00e3o realmente se importa o consumidor com a sustentabilidade das embalagens (reflex\u00e3o do fil\u00f3sofo eticista <strong>Francisco Santos<\/strong>, da &#8220;Aprendendo a Pensar&#8221;).<\/p>\n\n\n\n<p>A edi\u00e7\u00e3o recebe os anunciantes estreantes <a href=\"https:\/\/www.aplix.com\/pt-pt\/produtos-por-marca\/easylock-aplixr\">Aplix<\/a> (EasyLock), <a href=\"https:\/\/www.br.coimgroup.com\/\">CoimInks<\/a>, <a href=\"https:\/\/etirama.com.br\/\">Etirama<\/a>, <a href=\"https:\/\/maquinarium.com.br\/\">Maquinarium Representa\u00e7\u00e3o Industrial<\/a> e <a href=\"https:\/\/www.mlsteel.com.br\/\">ML SteelBlade<\/a>.<\/p>\n\n\n\n<p class=\"has-cyan-bluish-gray-background-color has-background\">Se voc\u00ea ainda n\u00e3o assina a nossa publica\u00e7\u00e3o, efetue a assinatura agora mesmo solicitando por email em <a href=\"mailto:revista@projetopack.com\">revista@projetopack.com<\/a>, ou digitalmente no nosso aplicativo &#8211; dispon\u00edvel nas lojas da Apple e Google.<\/p>\n\n\n\n<p><\/p>","protected":false},"excerpt":{"rendered":"<p>Com a mat\u00e9ria de capa de Leila Malta, experiente executiva de inova\u00e7\u00e3o com passagens pela Unilever, Ecolab, Reckitt Benckiser, PepsiCo e Nestl\u00e9 &#8211; e fundadora da L&#8217;inno Bureau, uma consultoria especializada em inova\u00e7\u00e3o de embalagens, a ProjetoPack em Revista estreou a sua pauta especial com a vis\u00e3o do dono da marca para temas centrais do [&hellip;]<\/p>\n","protected":false},"author":18,"featured_media":9516,"comment_status":"open","ping_status":"closed","sticky":false,"template":"","format":"standard","meta":{"footnotes":""},"categories":[236],"tags":[320,603,279],"class_list":["post-9498","post","type-post","status-publish","format-standard","has-post-thumbnail","hentry","category-projetopack-em-revista","tag-embalagens","tag-projetopack-em-revista","tag-sustentabilidade"],"yoast_head":"<!-- This site is optimized with the Yoast SEO Premium plugin v27.1 (Yoast SEO v27.1.1) - https:\/\/yoast.com\/product\/yoast-seo-premium-wordpress\/ -->\n<title>ProjetoPack em Revista 83 aborda a vis\u00e3o do dono de marca<\/title>\n<meta name=\"description\" content=\"ProjetoPack em Revista edi\u00e7\u00e3o 83 - Confira o melhor conte\u00fado sobre tecnologia, design e gest\u00e3o de embalagens flex\u00edveis, r\u00f3tulos e impress\u00e3o.\" \/>\n<meta name=\"robots\" content=\"index, follow, max-snippet:-1, max-image-preview:large, max-video-preview:-1\" \/>\n<link rel=\"canonical\" href=\"https:\/\/projetopack.com.br\/en\/projetopack-em-revista-83-aborda-a-visao-do-dono-de-marca\/\" \/>\n<meta property=\"og:locale\" content=\"en_US\" \/>\n<meta property=\"og:type\" content=\"article\" \/>\n<meta property=\"og:title\" content=\"ProjetoPack em Revista 83 aborda a vis\u00e3o do dono de marca\" \/>\n<meta property=\"og:description\" content=\"ProjetoPack em Revista edi\u00e7\u00e3o 83 - Confira o melhor conte\u00fado sobre tecnologia, design e gest\u00e3o de embalagens flex\u00edveis, r\u00f3tulos e impress\u00e3o.\" \/>\n<meta property=\"og:url\" content=\"https:\/\/projetopack.com.br\/en\/projetopack-em-revista-83-aborda-a-visao-do-dono-de-marca\/\" \/>\n<meta property=\"og:site_name\" content=\"ProjetoPack\" \/>\n<meta property=\"article:published_time\" content=\"2021-02-22T18:59:47+00:00\" \/>\n<meta property=\"article:modified_time\" content=\"2021-02-23T12:18:59+00:00\" \/>\n<meta property=\"og:image\" content=\"https:\/\/projetopack.com.br\/wp-content\/uploads\/2021\/02\/ProjetoPack-em-Revista-Edicao-83.jpg\" \/>\n\t<meta property=\"og:image:width\" content=\"1080\" \/>\n\t<meta property=\"og:image:height\" content=\"1080\" \/>\n\t<meta property=\"og:image:type\" content=\"image\/jpeg\" \/>\n<meta name=\"author\" content=\"Andrea\" \/>\n<meta name=\"twitter:card\" content=\"summary_large_image\" \/>\n<meta name=\"twitter:creator\" content=\"@ProjetoPack\" \/>\n<meta name=\"twitter:site\" content=\"@ProjetoPack\" \/>\n<meta name=\"twitter:label1\" content=\"Written by\" \/>\n\t<meta name=\"twitter:data1\" content=\"Andrea\" \/>\n\t<meta name=\"twitter:label2\" content=\"Est. reading time\" \/>\n\t<meta name=\"twitter:data2\" content=\"2 minutes\" \/>\n<script type=\"application\/ld+json\" class=\"yoast-schema-graph\">{\"@context\":\"https:\/\/schema.org\",\"@graph\":[{\"@type\":\"Article\",\"@id\":\"https:\/\/projetopack.com.br\/en\/projetopack-em-revista-83-aborda-a-visao-do-dono-de-marca\/#article\",\"isPartOf\":{\"@id\":\"https:\/\/projetopack.com.br\/en\/projetopack-em-revista-83-aborda-a-visao-do-dono-de-marca\/\"},\"author\":{\"name\":\"Andrea\",\"@id\":\"https:\/\/projetopack.com.br\/#\/schema\/person\/d17c72a4bc2b7e461496dd8a14d4cef1\"},\"headline\":\"ProjetoPack em Revista 83 aborda a vis\u00e3o do dono de marca\",\"datePublished\":\"2021-02-22T18:59:47+00:00\",\"dateModified\":\"2021-02-23T12:18:59+00:00\",\"mainEntityOfPage\":{\"@id\":\"https:\/\/projetopack.com.br\/en\/projetopack-em-revista-83-aborda-a-visao-do-dono-de-marca\/\"},\"wordCount\":281,\"commentCount\":0,\"publisher\":{\"@id\":\"https:\/\/projetopack.com.br\/#organization\"},\"image\":{\"@id\":\"https:\/\/projetopack.com.br\/en\/projetopack-em-revista-83-aborda-a-visao-do-dono-de-marca\/#primaryimage\"},\"thumbnailUrl\":\"https:\/\/projetopack.com.br\/wp-content\/uploads\/2021\/02\/ProjetoPack-em-Revista-Edicao-83.jpg\",\"keywords\":[\"embalagens\",\"projetopack em revista\",\"Sustentabilidade\"],\"articleSection\":[\"ProjetoPack em revista\"],\"inLanguage\":\"en-US\",\"potentialAction\":[{\"@type\":\"CommentAction\",\"name\":\"Comment\",\"target\":[\"https:\/\/projetopack.com.br\/en\/projetopack-em-revista-83-aborda-a-visao-do-dono-de-marca\/#respond\"]}]},{\"@type\":\"WebPage\",\"@id\":\"https:\/\/projetopack.com.br\/en\/projetopack-em-revista-83-aborda-a-visao-do-dono-de-marca\/\",\"url\":\"https:\/\/projetopack.com.br\/en\/projetopack-em-revista-83-aborda-a-visao-do-dono-de-marca\/\",\"name\":\"ProjetoPack em Revista 83 aborda a vis\u00e3o do dono de marca\",\"isPartOf\":{\"@id\":\"https:\/\/projetopack.com.br\/#website\"},\"primaryImageOfPage\":{\"@id\":\"https:\/\/projetopack.com.br\/en\/projetopack-em-revista-83-aborda-a-visao-do-dono-de-marca\/#primaryimage\"},\"image\":{\"@id\":\"https:\/\/projetopack.com.br\/en\/projetopack-em-revista-83-aborda-a-visao-do-dono-de-marca\/#primaryimage\"},\"thumbnailUrl\":\"https:\/\/projetopack.com.br\/wp-content\/uploads\/2021\/02\/ProjetoPack-em-Revista-Edicao-83.jpg\",\"datePublished\":\"2021-02-22T18:59:47+00:00\",\"dateModified\":\"2021-02-23T12:18:59+00:00\",\"description\":\"ProjetoPack em Revista edi\u00e7\u00e3o 83 - Confira o melhor conte\u00fado sobre tecnologia, design e gest\u00e3o de embalagens flex\u00edveis, r\u00f3tulos e impress\u00e3o.\",\"breadcrumb\":{\"@id\":\"https:\/\/projetopack.com.br\/en\/projetopack-em-revista-83-aborda-a-visao-do-dono-de-marca\/#breadcrumb\"},\"inLanguage\":\"en-US\",\"potentialAction\":[{\"@type\":\"ReadAction\",\"target\":[\"https:\/\/projetopack.com.br\/en\/projetopack-em-revista-83-aborda-a-visao-do-dono-de-marca\/\"]}]},{\"@type\":\"ImageObject\",\"inLanguage\":\"en-US\",\"@id\":\"https:\/\/projetopack.com.br\/en\/projetopack-em-revista-83-aborda-a-visao-do-dono-de-marca\/#primaryimage\",\"url\":\"https:\/\/projetopack.com.br\/wp-content\/uploads\/2021\/02\/ProjetoPack-em-Revista-Edicao-83.jpg\",\"contentUrl\":\"https:\/\/projetopack.com.br\/wp-content\/uploads\/2021\/02\/ProjetoPack-em-Revista-Edicao-83.jpg\",\"width\":1080,\"height\":1080},{\"@type\":\"BreadcrumbList\",\"@id\":\"https:\/\/projetopack.com.br\/en\/projetopack-em-revista-83-aborda-a-visao-do-dono-de-marca\/#breadcrumb\",\"itemListElement\":[{\"@type\":\"ListItem\",\"position\":1,\"name\":\"P\u00e1gina Inicial\",\"item\":\"https:\/\/projetopack.com.br\/\"},{\"@type\":\"ListItem\",\"position\":2,\"name\":\"ProjetoPack em revista\",\"item\":\"https:\/\/projetopack.com.br\/en\/category\/projetopack-em-revista\/\"},{\"@type\":\"ListItem\",\"position\":3,\"name\":\"ProjetoPack em Revista 83 aborda a vis\u00e3o do dono de marca\"}]},{\"@type\":\"WebSite\",\"@id\":\"https:\/\/projetopack.com.br\/#website\",\"url\":\"https:\/\/projetopack.com.br\/\",\"name\":\"ProjetoPack\",\"description\":\"Consultoria e servi\u00e7os para embalagens, r\u00f3tulos, etiquetas e processos de impress\u00e3o\",\"publisher\":{\"@id\":\"https:\/\/projetopack.com.br\/#organization\"},\"potentialAction\":[{\"@type\":\"SearchAction\",\"target\":{\"@type\":\"EntryPoint\",\"urlTemplate\":\"https:\/\/projetopack.com.br\/?s={search_term_string}\"},\"query-input\":{\"@type\":\"PropertyValueSpecification\",\"valueRequired\":true,\"valueName\":\"search_term_string\"}}],\"inLanguage\":\"en-US\"},{\"@type\":\"Organization\",\"@id\":\"https:\/\/projetopack.com.br\/#organization\",\"name\":\"ProjetoPack & Associados\",\"url\":\"https:\/\/projetopack.com.br\/\",\"logo\":{\"@type\":\"ImageObject\",\"inLanguage\":\"en-US\",\"@id\":\"https:\/\/projetopack.com.br\/#\/schema\/logo\/image\/\",\"url\":\"https:\/\/projetopack.com.br\/wp-content\/uploads\/2020\/09\/projetopack.png\",\"contentUrl\":\"https:\/\/projetopack.com.br\/wp-content\/uploads\/2020\/09\/projetopack.png\",\"width\":200,\"height\":200,\"caption\":\"ProjetoPack & Associados\"},\"image\":{\"@id\":\"https:\/\/projetopack.com.br\/#\/schema\/logo\/image\/\"},\"sameAs\":[\"https:\/\/x.com\/ProjetoPack\",\"https:\/\/www.linkedin.com\/company\/projetopack\/\"]},{\"@type\":\"Person\",\"@id\":\"https:\/\/projetopack.com.br\/#\/schema\/person\/d17c72a4bc2b7e461496dd8a14d4cef1\",\"name\":\"Andrea\",\"image\":{\"@type\":\"ImageObject\",\"inLanguage\":\"en-US\",\"@id\":\"https:\/\/projetopack.com.br\/#\/schema\/person\/image\/\",\"url\":\"https:\/\/projetopack.com.br\/wp-content\/uploads\/2026\/03\/eu-150x150.jpg\",\"contentUrl\":\"https:\/\/projetopack.com.br\/wp-content\/uploads\/2026\/03\/eu-150x150.jpg\",\"caption\":\"Andrea\"},\"url\":\"https:\/\/projetopack.com.br\/en\/author\/andrea\/\"}]}<\/script>\n<!-- \/ Yoast SEO Premium plugin. -->","yoast_head_json":{"title":"ProjetoPack em Revista 83 aborda a vis\u00e3o do dono de marca","description":"ProjetoPack em Revista edi\u00e7\u00e3o 83 - Confira o melhor conte\u00fado sobre tecnologia, design e gest\u00e3o de embalagens flex\u00edveis, r\u00f3tulos e impress\u00e3o.","robots":{"index":"index","follow":"follow","max-snippet":"max-snippet:-1","max-image-preview":"max-image-preview:large","max-video-preview":"max-video-preview:-1"},"canonical":"https:\/\/projetopack.com.br\/en\/projetopack-em-revista-83-aborda-a-visao-do-dono-de-marca\/","og_locale":"en_US","og_type":"article","og_title":"ProjetoPack em Revista 83 aborda a vis\u00e3o do dono de marca","og_description":"ProjetoPack em Revista edi\u00e7\u00e3o 83 - Confira o melhor conte\u00fado sobre tecnologia, design e gest\u00e3o de embalagens flex\u00edveis, r\u00f3tulos e impress\u00e3o.","og_url":"https:\/\/projetopack.com.br\/en\/projetopack-em-revista-83-aborda-a-visao-do-dono-de-marca\/","og_site_name":"ProjetoPack","article_published_time":"2021-02-22T18:59:47+00:00","article_modified_time":"2021-02-23T12:18:59+00:00","og_image":[{"width":1080,"height":1080,"url":"https:\/\/projetopack.com.br\/wp-content\/uploads\/2021\/02\/ProjetoPack-em-Revista-Edicao-83.jpg","type":"image\/jpeg"}],"author":"Andrea","twitter_card":"summary_large_image","twitter_creator":"@ProjetoPack","twitter_site":"@ProjetoPack","twitter_misc":{"Written by":"Andrea","Est. reading time":"2 minutes"},"schema":{"@context":"https:\/\/schema.org","@graph":[{"@type":"Article","@id":"https:\/\/projetopack.com.br\/en\/projetopack-em-revista-83-aborda-a-visao-do-dono-de-marca\/#article","isPartOf":{"@id":"https:\/\/projetopack.com.br\/en\/projetopack-em-revista-83-aborda-a-visao-do-dono-de-marca\/"},"author":{"name":"Andrea","@id":"https:\/\/projetopack.com.br\/#\/schema\/person\/d17c72a4bc2b7e461496dd8a14d4cef1"},"headline":"ProjetoPack em Revista 83 aborda a vis\u00e3o do dono de marca","datePublished":"2021-02-22T18:59:47+00:00","dateModified":"2021-02-23T12:18:59+00:00","mainEntityOfPage":{"@id":"https:\/\/projetopack.com.br\/en\/projetopack-em-revista-83-aborda-a-visao-do-dono-de-marca\/"},"wordCount":281,"commentCount":0,"publisher":{"@id":"https:\/\/projetopack.com.br\/#organization"},"image":{"@id":"https:\/\/projetopack.com.br\/en\/projetopack-em-revista-83-aborda-a-visao-do-dono-de-marca\/#primaryimage"},"thumbnailUrl":"https:\/\/projetopack.com.br\/wp-content\/uploads\/2021\/02\/ProjetoPack-em-Revista-Edicao-83.jpg","keywords":["embalagens","projetopack em revista","Sustentabilidade"],"articleSection":["ProjetoPack em revista"],"inLanguage":"en-US","potentialAction":[{"@type":"CommentAction","name":"Comment","target":["https:\/\/projetopack.com.br\/en\/projetopack-em-revista-83-aborda-a-visao-do-dono-de-marca\/#respond"]}]},{"@type":"WebPage","@id":"https:\/\/projetopack.com.br\/en\/projetopack-em-revista-83-aborda-a-visao-do-dono-de-marca\/","url":"https:\/\/projetopack.com.br\/en\/projetopack-em-revista-83-aborda-a-visao-do-dono-de-marca\/","name":"ProjetoPack em Revista 83 aborda a vis\u00e3o do dono de marca","isPartOf":{"@id":"https:\/\/projetopack.com.br\/#website"},"primaryImageOfPage":{"@id":"https:\/\/projetopack.com.br\/en\/projetopack-em-revista-83-aborda-a-visao-do-dono-de-marca\/#primaryimage"},"image":{"@id":"https:\/\/projetopack.com.br\/en\/projetopack-em-revista-83-aborda-a-visao-do-dono-de-marca\/#primaryimage"},"thumbnailUrl":"https:\/\/projetopack.com.br\/wp-content\/uploads\/2021\/02\/ProjetoPack-em-Revista-Edicao-83.jpg","datePublished":"2021-02-22T18:59:47+00:00","dateModified":"2021-02-23T12:18:59+00:00","description":"ProjetoPack em Revista edi\u00e7\u00e3o 83 - Confira o melhor conte\u00fado sobre tecnologia, design e gest\u00e3o de embalagens flex\u00edveis, r\u00f3tulos e impress\u00e3o.","breadcrumb":{"@id":"https:\/\/projetopack.com.br\/en\/projetopack-em-revista-83-aborda-a-visao-do-dono-de-marca\/#breadcrumb"},"inLanguage":"en-US","potentialAction":[{"@type":"ReadAction","target":["https:\/\/projetopack.com.br\/en\/projetopack-em-revista-83-aborda-a-visao-do-dono-de-marca\/"]}]},{"@type":"ImageObject","inLanguage":"en-US","@id":"https:\/\/projetopack.com.br\/en\/projetopack-em-revista-83-aborda-a-visao-do-dono-de-marca\/#primaryimage","url":"https:\/\/projetopack.com.br\/wp-content\/uploads\/2021\/02\/ProjetoPack-em-Revista-Edicao-83.jpg","contentUrl":"https:\/\/projetopack.com.br\/wp-content\/uploads\/2021\/02\/ProjetoPack-em-Revista-Edicao-83.jpg","width":1080,"height":1080},{"@type":"BreadcrumbList","@id":"https:\/\/projetopack.com.br\/en\/projetopack-em-revista-83-aborda-a-visao-do-dono-de-marca\/#breadcrumb","itemListElement":[{"@type":"ListItem","position":1,"name":"P\u00e1gina Inicial","item":"https:\/\/projetopack.com.br\/"},{"@type":"ListItem","position":2,"name":"ProjetoPack em revista","item":"https:\/\/projetopack.com.br\/en\/category\/projetopack-em-revista\/"},{"@type":"ListItem","position":3,"name":"ProjetoPack em Revista 83 aborda a vis\u00e3o do dono de marca"}]},{"@type":"WebSite","@id":"https:\/\/projetopack.com.br\/#website","url":"https:\/\/projetopack.com.br\/","name":"ProjetoPack","description":"Consultoria e servi\u00e7os para embalagens, r\u00f3tulos, etiquetas e processos de impress\u00e3o","publisher":{"@id":"https:\/\/projetopack.com.br\/#organization"},"potentialAction":[{"@type":"SearchAction","target":{"@type":"EntryPoint","urlTemplate":"https:\/\/projetopack.com.br\/?s={search_term_string}"},"query-input":{"@type":"PropertyValueSpecification","valueRequired":true,"valueName":"search_term_string"}}],"inLanguage":"en-US"},{"@type":"Organization","@id":"https:\/\/projetopack.com.br\/#organization","name":"ProjetoPack & Associados","url":"https:\/\/projetopack.com.br\/","logo":{"@type":"ImageObject","inLanguage":"en-US","@id":"https:\/\/projetopack.com.br\/#\/schema\/logo\/image\/","url":"https:\/\/projetopack.com.br\/wp-content\/uploads\/2020\/09\/projetopack.png","contentUrl":"https:\/\/projetopack.com.br\/wp-content\/uploads\/2020\/09\/projetopack.png","width":200,"height":200,"caption":"ProjetoPack & Associados"},"image":{"@id":"https:\/\/projetopack.com.br\/#\/schema\/logo\/image\/"},"sameAs":["https:\/\/x.com\/ProjetoPack","https:\/\/www.linkedin.com\/company\/projetopack\/"]},{"@type":"Person","@id":"https:\/\/projetopack.com.br\/#\/schema\/person\/d17c72a4bc2b7e461496dd8a14d4cef1","name":"Andrea","image":{"@type":"ImageObject","inLanguage":"en-US","@id":"https:\/\/projetopack.com.br\/#\/schema\/person\/image\/","url":"https:\/\/projetopack.com.br\/wp-content\/uploads\/2026\/03\/eu-150x150.jpg","contentUrl":"https:\/\/projetopack.com.br\/wp-content\/uploads\/2026\/03\/eu-150x150.jpg","caption":"Andrea"},"url":"https:\/\/projetopack.com.br\/en\/author\/andrea\/"}]}},"_links":{"self":[{"href":"https:\/\/projetopack.com.br\/en\/wp-json\/wp\/v2\/posts\/9498","targetHints":{"allow":["GET"]}}],"collection":[{"href":"https:\/\/projetopack.com.br\/en\/wp-json\/wp\/v2\/posts"}],"about":[{"href":"https:\/\/projetopack.com.br\/en\/wp-json\/wp\/v2\/types\/post"}],"author":[{"embeddable":true,"href":"https:\/\/projetopack.com.br\/en\/wp-json\/wp\/v2\/users\/18"}],"replies":[{"embeddable":true,"href":"https:\/\/projetopack.com.br\/en\/wp-json\/wp\/v2\/comments?post=9498"}],"version-history":[{"count":0,"href":"https:\/\/projetopack.com.br\/en\/wp-json\/wp\/v2\/posts\/9498\/revisions"}],"wp:featuredmedia":[{"embeddable":true,"href":"https:\/\/projetopack.com.br\/en\/wp-json\/wp\/v2\/media\/9516"}],"wp:attachment":[{"href":"https:\/\/projetopack.com.br\/en\/wp-json\/wp\/v2\/media?parent=9498"}],"wp:term":[{"taxonomy":"category","embeddable":true,"href":"https:\/\/projetopack.com.br\/en\/wp-json\/wp\/v2\/categories?post=9498"},{"taxonomy":"post_tag","embeddable":true,"href":"https:\/\/projetopack.com.br\/en\/wp-json\/wp\/v2\/tags?post=9498"}],"curies":[{"name":"wp","href":"https:\/\/api.w.org\/{rel}","templated":true}]}}