{"id":9641,"date":"2021-03-03T12:10:56","date_gmt":"2021-03-03T15:10:56","guid":{"rendered":"https:\/\/www.projetopack.com.br\/?p=9641"},"modified":"2021-04-27T01:48:52","modified_gmt":"2021-04-27T04:48:52","slug":"o-que-aprendemos-no-packcast-com-a-visionflex-rotulos","status":"publish","type":"post","link":"https:\/\/projetopack.com.br\/en\/o-que-aprendemos-no-packcast-com-a-visionflex-rotulos\/","title":{"rendered":"O que aprendemos no PackCast com a Visionflex R\u00f3tulos?"},"content":{"rendered":"<p>Recentemente, abrimos a segunda temporada do nosso podcast. Mantendo o protocolo, aproveitamos o v\u00eddeo para o formato webcast em nosso canal do <a href=\"https:\/\/youtu.be\/GHJJv-dTfY8\" target=\"_blank\" rel=\"noreferrer noopener\">YouTube<\/a> (convidamos a todos para se inscreverem em ambos, links ao longo da postagem.<\/p>\n\n\n\n<p>A terceira entrevista foi com uma convertedora de r\u00f3tulos e etiquetas do chamado &#8220;middle market&#8221; \u2013 a <a href=\"http:\/\/www.visionflex.com.br\/\" target=\"_blank\" rel=\"noreferrer noopener\">Visionflex R\u00f3tulos<\/a>, localizada na cidade de S\u00e3o Paulo\/SP, na pessoa de seu s\u00f3cio-diretor, <strong>S\u00e9rgio Boteselli<\/strong>.<\/p>\n\n\n\n<figure class=\"wp-block-embed is-type-video is-provider-youtube wp-block-embed-youtube wp-embed-aspect-16-9 wp-has-aspect-ratio\"><div class=\"wp-block-embed__wrapper\">\n<iframe title=\"PackLive com a Visionflex R\u00f3tulos\" width=\"800\" height=\"450\" src=\"https:\/\/www.youtube.com\/embed\/PA8hRwXzab4?feature=oembed\" frameborder=\"0\" allow=\"accelerometer; autoplay; clipboard-write; encrypted-media; gyroscope; picture-in-picture\" allowfullscreen><\/iframe>\n<\/div><\/figure>\n\n\n\n<p>A convertedora tem crescido significativamente, chegando a converter pouco mais de 1 milh\u00e3o de metros quadrados de material autoadesivo por m\u00eas, laminando inclusive uma parte destes materiais internamente.<\/p>\n\n\n\n<p>Embora a lamina\u00e7\u00e3o seja uma vantagem estrat\u00e9gica no \u00e2mbito do desenvolvimento de novos produtos (especialidades), S\u00e9rgio conta que em virtude da consolida\u00e7\u00e3o dos laminadores e o consequente ganho em escala destas empresas, a vantagem econ\u00f4mica da lamina\u00e7\u00e3o t\u00eam diminu\u00eddo a cada ano.<\/p>\n\n\n\n<p>Falamos bastante sobre uma peculiaridade (das in\u00fameras que a empresa possui) da Visionflex &#8211; a sua criteriosa gest\u00e3o financeira do neg\u00f3cio, que baliza todas as decis\u00f5es, rotineiras e estrat\u00e9gicas da companhia. Nas palavras do S\u00e9rgio:<\/p>\n\n\n\n<figure class=\"wp-block-pullquote\"><blockquote><p>N\u00e3o h\u00e1 margem para erros como quando iniciamos neste segmento e a quest\u00e3o financeira \u00e9 primordial. Especialmente quando se est\u00e1 aumentando gradualmente a participa\u00e7\u00e3o no setor de prime label, que implica em maiores custos fixos e onde as perdas s\u00e3o mais onerosas.<\/p><cite>S\u00e9rgio boteselli<\/cite><\/blockquote><\/figure>\n\n\n\n<p>A empresa \u00e9 l\u00edder absoluta no setor de etiquetas para avia\u00e7\u00e3o. Segundo S\u00e9rgio, a pandemia &#8220;desligou&#8221; temporariamente o setor e levar\u00e1 um tempo para que ele volte \u00e0 carga. Todavia, \u00e9 ineg\u00e1vel que as etiquetas RFID devem, cedo ou tarde, chegar massivamente por aqui.<\/p>\n\n\n\n<p>Empresas como a <a href=\"https:\/\/www.averydennison.com\/pt\/home.html\" target=\"_blank\" rel=\"noreferrer noopener\">Avery<\/a> e <a href=\"https:\/\/www.ccrr.com.br\/\" target=\"_blank\" rel=\"noreferrer noopener\">Grupo CCRR<\/a>, embora forne\u00e7am materiais autoadesivos \u00e0 cadeia, s\u00e3o importantes competidores no segmento de <em>RFID<\/em>, ainda que haja &#8220;respeito m\u00fatuo&#8221; no que se refere \u00e0 Visionflex.<\/p>\n\n\n\n<p>A Visionflex realizou investimentos em impressoras importadas <a href=\"https:\/\/www.bobst.com\/chen\/\" target=\"_blank\" rel=\"noreferrer noopener\">Bobst<\/a> (linha M), que al\u00e7aram a produtividade e o patamar de qualidade a outros n\u00edveis, permitindo o acesso a algumas contas globais. <\/p>\n\n\n\n<p class=\"has-cyan-bluish-gray-background-color has-background\">Por\u00e9m, a empresa tamb\u00e9m v\u00ea estrategicamente que o parque industrial precisa da mesma maneira de m\u00e1quinas impressoras nacionais de alto padr\u00e3o como as da <a href=\"https:\/\/etirama.com.br\/\">Etirama<\/a> e que o crit\u00e9rio de aloca\u00e7\u00e3o de servi\u00e7os passa pela margem de contribui\u00e7\u00e3o: certas tiragens e produtos exigem uma hora-m\u00e1quina mais econ\u00f4mica, enquanto outras comportam valores mais altos.<\/p>\n\n\n\n<p> Ao fim, falamos sobre rentabilidade. A Visionflex entende que a rentabilidade a ser buscada deve ser sensivelmente mais alta, em face a todo o risco que o empres\u00e1rio do setor gr\u00e1fico e convertedor se exp\u00f5e. Uma tarefa \u00e1rdua, mas com o devido esfor\u00e7o e preocupa\u00e7\u00e3o com os custos, \u00e9 fact\u00edvel.<\/p>\n\n\n\n<p>A <strong>Visionflex<\/strong> \u00e9 mais um cliente no rol de empresas atendidas em consultoria e treinamentos pela <a href=\"https:\/\/projetopack.com.br\/\">ProjetoPack<\/a>.<\/p>\n\n\n\n<p><strong>Leia mais em nosso site:<\/strong><br><a href=\"https:\/\/projetopack.com.br\/visionflex-recebe-treinamento-in-company-da-projetopack\/\">Visionflex recebe treinamento In-Company da ProjetoPack<\/a><\/p>","protected":false},"excerpt":{"rendered":"<p>Saiba como foi a nossa entrevista com um dos s\u00f3cios da Visionflex R\u00f3tulos e Etiquetas<\/p>","protected":false},"author":18,"featured_media":9644,"comment_status":"open","ping_status":"closed","sticky":false,"template":"","format":"standard","meta":{"footnotes":""},"categories":[632],"tags":[699,115,613,249,33,170],"class_list":["post-9641","post","type-post","status-publish","format-standard","has-post-thumbnail","hentry","category-entrevistas","tag-bagtag","tag-etiquetas","tag-rotulo","tag-rotulos","tag-rotulos-adesivos","tag-rotulos-e-etiquetas"],"yoast_head":"<!-- This site is optimized with the Yoast SEO Premium plugin v27.1 (Yoast SEO v27.1.1) - https:\/\/yoast.com\/product\/yoast-seo-premium-wordpress\/ -->\n<title>O que aprendemos no PackCast com a Visionflex R\u00f3tulos? - ProjetoPack<\/title>\n<meta name=\"description\" content=\"Entrevistamos a convertedora de r\u00f3tulos e etiquetas Visionflex R\u00f3tulos, localizada na cidade de S\u00e3o Paulo\/SP.\" \/>\n<meta name=\"robots\" content=\"index, follow, max-snippet:-1, max-image-preview:large, max-video-preview:-1\" \/>\n<link rel=\"canonical\" href=\"https:\/\/projetopack.com.br\/en\/o-que-aprendemos-no-packcast-com-a-visionflex-rotulos\/\" \/>\n<meta property=\"og:locale\" content=\"en_US\" \/>\n<meta property=\"og:type\" content=\"article\" \/>\n<meta property=\"og:title\" content=\"O que aprendemos no PackCast com a Visionflex R\u00f3tulos?\" \/>\n<meta property=\"og:description\" content=\"Entrevistamos a convertedora de r\u00f3tulos e etiquetas Visionflex R\u00f3tulos, localizada na cidade de S\u00e3o Paulo\/SP.\" \/>\n<meta property=\"og:url\" content=\"https:\/\/projetopack.com.br\/en\/o-que-aprendemos-no-packcast-com-a-visionflex-rotulos\/\" \/>\n<meta property=\"og:site_name\" content=\"ProjetoPack\" \/>\n<meta property=\"article:published_time\" content=\"2021-03-03T15:10:56+00:00\" \/>\n<meta property=\"article:modified_time\" content=\"2021-04-27T04:48:52+00:00\" \/>\n<meta property=\"og:image\" content=\"https:\/\/projetopack.com.br\/wp-content\/uploads\/2021\/03\/Capa-Podcast-11.png\" \/>\n\t<meta property=\"og:image:width\" content=\"1080\" \/>\n\t<meta property=\"og:image:height\" content=\"1080\" \/>\n\t<meta property=\"og:image:type\" content=\"image\/png\" \/>\n<meta name=\"author\" content=\"Andrea\" \/>\n<meta name=\"twitter:card\" content=\"summary_large_image\" \/>\n<meta name=\"twitter:creator\" content=\"@ProjetoPack\" \/>\n<meta name=\"twitter:site\" content=\"@ProjetoPack\" \/>\n<meta name=\"twitter:label1\" content=\"Written by\" \/>\n\t<meta name=\"twitter:data1\" content=\"Andrea\" \/>\n\t<meta name=\"twitter:label2\" content=\"Est. reading time\" \/>\n\t<meta name=\"twitter:data2\" content=\"2 minutes\" \/>\n<script type=\"application\/ld+json\" class=\"yoast-schema-graph\">{\"@context\":\"https:\/\/schema.org\",\"@graph\":[{\"@type\":\"Article\",\"@id\":\"https:\/\/projetopack.com.br\/en\/o-que-aprendemos-no-packcast-com-a-visionflex-rotulos\/#article\",\"isPartOf\":{\"@id\":\"https:\/\/projetopack.com.br\/en\/o-que-aprendemos-no-packcast-com-a-visionflex-rotulos\/\"},\"author\":{\"name\":\"Andrea\",\"@id\":\"https:\/\/projetopack.com.br\/#\/schema\/person\/d17c72a4bc2b7e461496dd8a14d4cef1\"},\"headline\":\"O que aprendemos no PackCast com a Visionflex R\u00f3tulos?\",\"datePublished\":\"2021-03-03T15:10:56+00:00\",\"dateModified\":\"2021-04-27T04:48:52+00:00\",\"mainEntityOfPage\":{\"@id\":\"https:\/\/projetopack.com.br\/en\/o-que-aprendemos-no-packcast-com-a-visionflex-rotulos\/\"},\"wordCount\":510,\"commentCount\":0,\"publisher\":{\"@id\":\"https:\/\/projetopack.com.br\/#organization\"},\"image\":{\"@id\":\"https:\/\/projetopack.com.br\/en\/o-que-aprendemos-no-packcast-com-a-visionflex-rotulos\/#primaryimage\"},\"thumbnailUrl\":\"https:\/\/projetopack.com.br\/wp-content\/uploads\/2021\/03\/Capa-Podcast-11.png\",\"keywords\":[\"bagtag\",\"etiquetas\",\"r\u00f3tulo\",\"r\u00f3tulos\",\"R\u00f3tulos Adesivos\",\"r\u00f3tulos e etiquetas\"],\"articleSection\":[\"Entrevistas\"],\"inLanguage\":\"en-US\",\"potentialAction\":[{\"@type\":\"CommentAction\",\"name\":\"Comment\",\"target\":[\"https:\/\/projetopack.com.br\/en\/o-que-aprendemos-no-packcast-com-a-visionflex-rotulos\/#respond\"]}]},{\"@type\":\"WebPage\",\"@id\":\"https:\/\/projetopack.com.br\/en\/o-que-aprendemos-no-packcast-com-a-visionflex-rotulos\/\",\"url\":\"https:\/\/projetopack.com.br\/en\/o-que-aprendemos-no-packcast-com-a-visionflex-rotulos\/\",\"name\":\"O que aprendemos no PackCast com a Visionflex R\u00f3tulos? - ProjetoPack\",\"isPartOf\":{\"@id\":\"https:\/\/projetopack.com.br\/#website\"},\"primaryImageOfPage\":{\"@id\":\"https:\/\/projetopack.com.br\/en\/o-que-aprendemos-no-packcast-com-a-visionflex-rotulos\/#primaryimage\"},\"image\":{\"@id\":\"https:\/\/projetopack.com.br\/en\/o-que-aprendemos-no-packcast-com-a-visionflex-rotulos\/#primaryimage\"},\"thumbnailUrl\":\"https:\/\/projetopack.com.br\/wp-content\/uploads\/2021\/03\/Capa-Podcast-11.png\",\"datePublished\":\"2021-03-03T15:10:56+00:00\",\"dateModified\":\"2021-04-27T04:48:52+00:00\",\"description\":\"Entrevistamos a convertedora de r\u00f3tulos e etiquetas Visionflex R\u00f3tulos, localizada na cidade de S\u00e3o Paulo\/SP.\",\"breadcrumb\":{\"@id\":\"https:\/\/projetopack.com.br\/en\/o-que-aprendemos-no-packcast-com-a-visionflex-rotulos\/#breadcrumb\"},\"inLanguage\":\"en-US\",\"potentialAction\":[{\"@type\":\"ReadAction\",\"target\":[\"https:\/\/projetopack.com.br\/en\/o-que-aprendemos-no-packcast-com-a-visionflex-rotulos\/\"]}]},{\"@type\":\"ImageObject\",\"inLanguage\":\"en-US\",\"@id\":\"https:\/\/projetopack.com.br\/en\/o-que-aprendemos-no-packcast-com-a-visionflex-rotulos\/#primaryimage\",\"url\":\"https:\/\/projetopack.com.br\/wp-content\/uploads\/2021\/03\/Capa-Podcast-11.png\",\"contentUrl\":\"https:\/\/projetopack.com.br\/wp-content\/uploads\/2021\/03\/Capa-Podcast-11.png\",\"width\":1080,\"height\":1080},{\"@type\":\"BreadcrumbList\",\"@id\":\"https:\/\/projetopack.com.br\/en\/o-que-aprendemos-no-packcast-com-a-visionflex-rotulos\/#breadcrumb\",\"itemListElement\":[{\"@type\":\"ListItem\",\"position\":1,\"name\":\"P\u00e1gina Inicial\",\"item\":\"https:\/\/projetopack.com.br\/\"},{\"@type\":\"ListItem\",\"position\":2,\"name\":\"Entrevistas\",\"item\":\"https:\/\/projetopack.com.br\/category\/entrevistas\/\"},{\"@type\":\"ListItem\",\"position\":3,\"name\":\"O que aprendemos no PackCast com a Visionflex R\u00f3tulos?\"}]},{\"@type\":\"WebSite\",\"@id\":\"https:\/\/projetopack.com.br\/#website\",\"url\":\"https:\/\/projetopack.com.br\/\",\"name\":\"ProjetoPack\",\"description\":\"Consultoria e servi\u00e7os para embalagens, r\u00f3tulos, etiquetas e processos de impress\u00e3o\",\"publisher\":{\"@id\":\"https:\/\/projetopack.com.br\/#organization\"},\"potentialAction\":[{\"@type\":\"SearchAction\",\"target\":{\"@type\":\"EntryPoint\",\"urlTemplate\":\"https:\/\/projetopack.com.br\/?s={search_term_string}\"},\"query-input\":{\"@type\":\"PropertyValueSpecification\",\"valueRequired\":true,\"valueName\":\"search_term_string\"}}],\"inLanguage\":\"en-US\"},{\"@type\":\"Organization\",\"@id\":\"https:\/\/projetopack.com.br\/#organization\",\"name\":\"ProjetoPack & Associados\",\"url\":\"https:\/\/projetopack.com.br\/\",\"logo\":{\"@type\":\"ImageObject\",\"inLanguage\":\"en-US\",\"@id\":\"https:\/\/projetopack.com.br\/#\/schema\/logo\/image\/\",\"url\":\"https:\/\/projetopack.com.br\/wp-content\/uploads\/2020\/09\/projetopack.png\",\"contentUrl\":\"https:\/\/projetopack.com.br\/wp-content\/uploads\/2020\/09\/projetopack.png\",\"width\":200,\"height\":200,\"caption\":\"ProjetoPack & Associados\"},\"image\":{\"@id\":\"https:\/\/projetopack.com.br\/#\/schema\/logo\/image\/\"},\"sameAs\":[\"https:\/\/x.com\/ProjetoPack\",\"https:\/\/www.linkedin.com\/company\/projetopack\/\"]},{\"@type\":\"Person\",\"@id\":\"https:\/\/projetopack.com.br\/#\/schema\/person\/d17c72a4bc2b7e461496dd8a14d4cef1\",\"name\":\"Andrea\",\"image\":{\"@type\":\"ImageObject\",\"inLanguage\":\"en-US\",\"@id\":\"https:\/\/projetopack.com.br\/#\/schema\/person\/image\/\",\"url\":\"https:\/\/projetopack.com.br\/wp-content\/uploads\/2026\/03\/eu-150x150.jpg\",\"contentUrl\":\"https:\/\/projetopack.com.br\/wp-content\/uploads\/2026\/03\/eu-150x150.jpg\",\"caption\":\"Andrea\"},\"url\":\"https:\/\/projetopack.com.br\/en\/author\/andrea\/\"}]}<\/script>\n<!-- \/ Yoast SEO Premium plugin. -->","yoast_head_json":{"title":"O que aprendemos no PackCast com a Visionflex R\u00f3tulos? - ProjetoPack","description":"Entrevistamos a convertedora de r\u00f3tulos e etiquetas Visionflex R\u00f3tulos, localizada na cidade de S\u00e3o Paulo\/SP.","robots":{"index":"index","follow":"follow","max-snippet":"max-snippet:-1","max-image-preview":"max-image-preview:large","max-video-preview":"max-video-preview:-1"},"canonical":"https:\/\/projetopack.com.br\/en\/o-que-aprendemos-no-packcast-com-a-visionflex-rotulos\/","og_locale":"en_US","og_type":"article","og_title":"O que aprendemos no PackCast com a Visionflex R\u00f3tulos?","og_description":"Entrevistamos a convertedora de r\u00f3tulos e etiquetas Visionflex R\u00f3tulos, localizada na cidade de S\u00e3o Paulo\/SP.","og_url":"https:\/\/projetopack.com.br\/en\/o-que-aprendemos-no-packcast-com-a-visionflex-rotulos\/","og_site_name":"ProjetoPack","article_published_time":"2021-03-03T15:10:56+00:00","article_modified_time":"2021-04-27T04:48:52+00:00","og_image":[{"width":1080,"height":1080,"url":"https:\/\/projetopack.com.br\/wp-content\/uploads\/2021\/03\/Capa-Podcast-11.png","type":"image\/png"}],"author":"Andrea","twitter_card":"summary_large_image","twitter_creator":"@ProjetoPack","twitter_site":"@ProjetoPack","twitter_misc":{"Written by":"Andrea","Est. reading time":"2 minutes"},"schema":{"@context":"https:\/\/schema.org","@graph":[{"@type":"Article","@id":"https:\/\/projetopack.com.br\/en\/o-que-aprendemos-no-packcast-com-a-visionflex-rotulos\/#article","isPartOf":{"@id":"https:\/\/projetopack.com.br\/en\/o-que-aprendemos-no-packcast-com-a-visionflex-rotulos\/"},"author":{"name":"Andrea","@id":"https:\/\/projetopack.com.br\/#\/schema\/person\/d17c72a4bc2b7e461496dd8a14d4cef1"},"headline":"O que aprendemos no PackCast com a Visionflex R\u00f3tulos?","datePublished":"2021-03-03T15:10:56+00:00","dateModified":"2021-04-27T04:48:52+00:00","mainEntityOfPage":{"@id":"https:\/\/projetopack.com.br\/en\/o-que-aprendemos-no-packcast-com-a-visionflex-rotulos\/"},"wordCount":510,"commentCount":0,"publisher":{"@id":"https:\/\/projetopack.com.br\/#organization"},"image":{"@id":"https:\/\/projetopack.com.br\/en\/o-que-aprendemos-no-packcast-com-a-visionflex-rotulos\/#primaryimage"},"thumbnailUrl":"https:\/\/projetopack.com.br\/wp-content\/uploads\/2021\/03\/Capa-Podcast-11.png","keywords":["bagtag","etiquetas","r\u00f3tulo","r\u00f3tulos","R\u00f3tulos Adesivos","r\u00f3tulos e etiquetas"],"articleSection":["Entrevistas"],"inLanguage":"en-US","potentialAction":[{"@type":"CommentAction","name":"Comment","target":["https:\/\/projetopack.com.br\/en\/o-que-aprendemos-no-packcast-com-a-visionflex-rotulos\/#respond"]}]},{"@type":"WebPage","@id":"https:\/\/projetopack.com.br\/en\/o-que-aprendemos-no-packcast-com-a-visionflex-rotulos\/","url":"https:\/\/projetopack.com.br\/en\/o-que-aprendemos-no-packcast-com-a-visionflex-rotulos\/","name":"O que aprendemos no PackCast com a Visionflex R\u00f3tulos? - ProjetoPack","isPartOf":{"@id":"https:\/\/projetopack.com.br\/#website"},"primaryImageOfPage":{"@id":"https:\/\/projetopack.com.br\/en\/o-que-aprendemos-no-packcast-com-a-visionflex-rotulos\/#primaryimage"},"image":{"@id":"https:\/\/projetopack.com.br\/en\/o-que-aprendemos-no-packcast-com-a-visionflex-rotulos\/#primaryimage"},"thumbnailUrl":"https:\/\/projetopack.com.br\/wp-content\/uploads\/2021\/03\/Capa-Podcast-11.png","datePublished":"2021-03-03T15:10:56+00:00","dateModified":"2021-04-27T04:48:52+00:00","description":"Entrevistamos a convertedora de r\u00f3tulos e etiquetas Visionflex R\u00f3tulos, localizada na cidade de S\u00e3o Paulo\/SP.","breadcrumb":{"@id":"https:\/\/projetopack.com.br\/en\/o-que-aprendemos-no-packcast-com-a-visionflex-rotulos\/#breadcrumb"},"inLanguage":"en-US","potentialAction":[{"@type":"ReadAction","target":["https:\/\/projetopack.com.br\/en\/o-que-aprendemos-no-packcast-com-a-visionflex-rotulos\/"]}]},{"@type":"ImageObject","inLanguage":"en-US","@id":"https:\/\/projetopack.com.br\/en\/o-que-aprendemos-no-packcast-com-a-visionflex-rotulos\/#primaryimage","url":"https:\/\/projetopack.com.br\/wp-content\/uploads\/2021\/03\/Capa-Podcast-11.png","contentUrl":"https:\/\/projetopack.com.br\/wp-content\/uploads\/2021\/03\/Capa-Podcast-11.png","width":1080,"height":1080},{"@type":"BreadcrumbList","@id":"https:\/\/projetopack.com.br\/en\/o-que-aprendemos-no-packcast-com-a-visionflex-rotulos\/#breadcrumb","itemListElement":[{"@type":"ListItem","position":1,"name":"P\u00e1gina Inicial","item":"https:\/\/projetopack.com.br\/"},{"@type":"ListItem","position":2,"name":"Entrevistas","item":"https:\/\/projetopack.com.br\/category\/entrevistas\/"},{"@type":"ListItem","position":3,"name":"O que aprendemos no PackCast com a Visionflex R\u00f3tulos?"}]},{"@type":"WebSite","@id":"https:\/\/projetopack.com.br\/#website","url":"https:\/\/projetopack.com.br\/","name":"ProjetoPack","description":"Consultoria e servi\u00e7os para embalagens, r\u00f3tulos, etiquetas e processos de impress\u00e3o","publisher":{"@id":"https:\/\/projetopack.com.br\/#organization"},"potentialAction":[{"@type":"SearchAction","target":{"@type":"EntryPoint","urlTemplate":"https:\/\/projetopack.com.br\/?s={search_term_string}"},"query-input":{"@type":"PropertyValueSpecification","valueRequired":true,"valueName":"search_term_string"}}],"inLanguage":"en-US"},{"@type":"Organization","@id":"https:\/\/projetopack.com.br\/#organization","name":"ProjetoPack & Associados","url":"https:\/\/projetopack.com.br\/","logo":{"@type":"ImageObject","inLanguage":"en-US","@id":"https:\/\/projetopack.com.br\/#\/schema\/logo\/image\/","url":"https:\/\/projetopack.com.br\/wp-content\/uploads\/2020\/09\/projetopack.png","contentUrl":"https:\/\/projetopack.com.br\/wp-content\/uploads\/2020\/09\/projetopack.png","width":200,"height":200,"caption":"ProjetoPack & Associados"},"image":{"@id":"https:\/\/projetopack.com.br\/#\/schema\/logo\/image\/"},"sameAs":["https:\/\/x.com\/ProjetoPack","https:\/\/www.linkedin.com\/company\/projetopack\/"]},{"@type":"Person","@id":"https:\/\/projetopack.com.br\/#\/schema\/person\/d17c72a4bc2b7e461496dd8a14d4cef1","name":"Andrea","image":{"@type":"ImageObject","inLanguage":"en-US","@id":"https:\/\/projetopack.com.br\/#\/schema\/person\/image\/","url":"https:\/\/projetopack.com.br\/wp-content\/uploads\/2026\/03\/eu-150x150.jpg","contentUrl":"https:\/\/projetopack.com.br\/wp-content\/uploads\/2026\/03\/eu-150x150.jpg","caption":"Andrea"},"url":"https:\/\/projetopack.com.br\/en\/author\/andrea\/"}]}},"_links":{"self":[{"href":"https:\/\/projetopack.com.br\/en\/wp-json\/wp\/v2\/posts\/9641","targetHints":{"allow":["GET"]}}],"collection":[{"href":"https:\/\/projetopack.com.br\/en\/wp-json\/wp\/v2\/posts"}],"about":[{"href":"https:\/\/projetopack.com.br\/en\/wp-json\/wp\/v2\/types\/post"}],"author":[{"embeddable":true,"href":"https:\/\/projetopack.com.br\/en\/wp-json\/wp\/v2\/users\/18"}],"replies":[{"embeddable":true,"href":"https:\/\/projetopack.com.br\/en\/wp-json\/wp\/v2\/comments?post=9641"}],"version-history":[{"count":0,"href":"https:\/\/projetopack.com.br\/en\/wp-json\/wp\/v2\/posts\/9641\/revisions"}],"wp:featuredmedia":[{"embeddable":true,"href":"https:\/\/projetopack.com.br\/en\/wp-json\/wp\/v2\/media\/9644"}],"wp:attachment":[{"href":"https:\/\/projetopack.com.br\/en\/wp-json\/wp\/v2\/media?parent=9641"}],"wp:term":[{"taxonomy":"category","embeddable":true,"href":"https:\/\/projetopack.com.br\/en\/wp-json\/wp\/v2\/categories?post=9641"},{"taxonomy":"post_tag","embeddable":true,"href":"https:\/\/projetopack.com.br\/en\/wp-json\/wp\/v2\/tags?post=9641"}],"curies":[{"name":"wp","href":"https:\/\/api.w.org\/{rel}","templated":true}]}}