{"id":9920,"date":"2021-03-12T15:00:13","date_gmt":"2021-03-12T18:00:13","guid":{"rendered":"https:\/\/www.projetopack.com.br\/?p=9920"},"modified":"2021-04-27T01:57:40","modified_gmt":"2021-04-27T04:57:40","slug":"vice-presidente-senior-de-impressao-da-kodak-fala-sobre-a-nova-prosper","status":"publish","type":"post","link":"https:\/\/projetopack.com.br\/en\/vice-presidente-senior-de-impressao-da-kodak-fala-sobre-a-nova-prosper\/","title":{"rendered":"Vice-presidente s\u00eanior de impress\u00e3o da Kodak fala sobre a nova Prosper"},"content":{"rendered":"<p><strong>Randy Vandagriff, VP<\/strong> s\u00eanior do segmento de impress\u00e3o da Kodak fala sobre a nova <a href=\"https:\/\/www.kodak.com\/en\/print\/page\/prosper-ultra-520-presses\" target=\"_blank\" rel=\"noreferrer noopener\">Prosper Ultra 520<\/a><\/p>\n\n\n\n<p><strong>A Kodak se refere \u00e0 PROSPER ULTRA 520 como a \u201cimpressora que cobre a lacuna entre o digital e o offset\u201d. O que voc\u00ea quer dizer com isso e quais eram seus principais objetivos ao desenvolver o equipamento?<\/strong><\/p>\n\n\n\n<p>Os volumes de impressos em offset est\u00e3o decaindo, ainda que as impressoras offset tenham seu espa\u00e7o em quesitos como qualidade, velocidade, flexibilidade na escolha de papel e suporte a grandes tiragens. Mas as offsets n\u00e3o podem imprimir conte\u00fado vari\u00e1vel e n\u00e3o s\u00e3o economicamente vi\u00e1veis para se imprimir em baixas tiragens, uma vez que os volumes de impress\u00e3o est\u00e3o diminuindo e os conte\u00fados se tornando mais segmentados. Muitas impressoras inkjet que usam tecnologia <em>drop on demand<\/em> permitem imprimir dados vari\u00e1veis em documentos transacionais e tamb\u00e9m em malas diretas simples e livros. Mas elas n\u00e3o t\u00eam a qualidade do offset e n\u00e3o podem imprimir em m\u00eddias <em>glossy<\/em> \u2013 ou, se for poss\u00edvel, \u00e9 necess\u00e1rio usar tintas muito caras a baixas velocidades.&nbsp; Portanto, s\u00e3o muito caras para usar em muitas aplica\u00e7\u00f5es de curto e m\u00e9dio prazo. Isso \u00e9 o que identificamos como a lacuna entre o digital e offset. E, com o objetivo de suprir essa lacuna, n\u00f3s desenvolvemos uma nova impressora revolucion\u00e1ria com tecnologia inkjet que oferece qualidade offset \u00e0 velocidade de 500 p\u00e1ginas\/minuto (150 metros\/minuto), podendo imprimir em m\u00eddias brilhantes com alta cobertura de tinta, em alta velocidade e suportar tiragens maiores com menor custo de produ\u00e7\u00e3o.<\/p>\n\n\n\n<p><strong>Como a PROSPER ULTRA 520 se encaixa na linha de impressoras inkjet PROSPER j\u00e1 existente?<\/strong><\/p>\n\n\n\n<p>A linha existente de impressoras PROSPER \u00e9 baseada na comprovada tecnologia de jato de tinta KODAK Stream de alta velocidade. Essas impressoras mudaram o mercado de produ\u00e7\u00e3o comercial de alta velocidade que est\u00e1 migrando para o digital, e est\u00e3o se concentrando em aplica\u00e7\u00f5es de maior volume de at\u00e9 20 milh\u00f5es de imagens A4 por m\u00eas ou superiores.<\/p>\n\n\n\n<p>A PROSPER ULTRA 520 possui a KODAK ULTRASTREAM Inkjet Technology, que \u00e9 a quarta gera\u00e7\u00e3o da tecnologia de jato de tinta cont\u00ednuo da Kodak. Com esta \u00faltima adi\u00e7\u00e3o ao portf\u00f3lio de impressoras a jato de tinta da Kodak, temos como alvos gr\u00e1ficas que precisem trabalhar com volumes de impress\u00e3o em torno de 10 milh\u00f5es de imagens A4 por m\u00eas.<\/p>\n\n\n\n<figure class=\"wp-block-embed is-type-video is-provider-youtube wp-block-embed-youtube wp-embed-aspect-16-9 wp-has-aspect-ratio\"><div class=\"wp-block-embed__wrapper\">\n<iframe title=\"Introducing the KODAK PROSPER ULTRA 520 Press\" width=\"800\" height=\"450\" src=\"https:\/\/www.youtube.com\/embed\/7QTY1hl61-I?feature=oembed\" frameborder=\"0\" allow=\"accelerometer; autoplay; clipboard-write; encrypted-media; gyroscope; picture-in-picture\" allowfullscreen><\/iframe>\n<\/div><\/figure>\n\n\n\n<p><strong>Para quais tipos de aplica\u00e7\u00f5es a PROSPER ULTRA 520 \u00e9 a escolha ideal?<\/strong><\/p>\n\n\n\n<p>A PROSPER ULTRA 520 \u00e9 ideal para uma ampla gama de aplica\u00e7\u00f5es de impress\u00e3o de conte\u00fado est\u00e1tico e vari\u00e1vel. A impressora est\u00e1 dispon\u00edvel em duas vers\u00f5es: PROSPER ULTRA P520 \u00e9 voltada para impress\u00e3o transacional e transpromo, aplica\u00e7\u00f5es de publica\u00e7\u00e3o e impress\u00e3o comercial at\u00e9 cobertura moderada de tinta. A P520 possui dois secadores de cada lado da rotativa.<\/p>\n\n\n\n<p>J\u00e1 a PROSPER ULTRA C520 \u00e9 a escolha perfeita para a produ\u00e7\u00e3o de mala direta, encartes, cat\u00e1logos, brochuras promocionais e livros &#8211; mesmo aqueles com alta cobertura de tinta em pap\u00e9is revestidos. \u00c9 por isso que a C520 tem quatro secadores de cada lado da rotativa.<\/p>\n\n\n\n<p><strong>O segmento de impressoras rotativas com tecnologia inkjet \u00e9 um mercado bastante concorrido. O que o faz confiante de que a Kodak pode vencer a concorr\u00eancia?<\/strong><\/p>\n\n\n\n<p>O que \u00e9 \u00fanico na PROSPER ULTRA 520 \u00e9 sua capacidade de fornecer a mais alta qualidade de imagem utilizando a tecnologia de jato de tinta ULTRASTREAM, compar\u00e1vel \u00e0 offset com lineatura de 200 lpi, mas a um custo acess\u00edvel. Al\u00e9m disso, a impressora \u00e9 capaz de fazer isso em um ambiente de produ\u00e7\u00e3o com velocidades de 500 fpm (150 mpm) ou mais de 2.000 p\u00e1ginas A4 por minuto com alta cobertura de tinta em substratos brilhantes. Isso \u00e9 algo que ningu\u00e9m mais no mercado pode oferecer, ent\u00e3o, PROSPER ULTRA 520 tem excelentes perspectivas mesmo em um ambiente competitivo.<\/p>\n\n\n\n<p><strong>Como a qualidade e o gamut de cores oferecidos pela PROSPER ULTRA 520 pode ser comparado \u00e0 offset?<\/strong><\/p>\n\n\n\n<p>A impressora PROSPER ULTRA 520 usa um conjunto de tintas CMYK de baixo custo para todos os pap\u00e9is, mesmo brilhantes. O processo de fabrica\u00e7\u00e3o de pigmento de tinta propriet\u00e1rio da Kodak significa que a impressora oferece uma gama 95% maior do que o offset SWOP e pode corresponder a 93% das cores Pantone (dentro de 4 dE). Isso permite que a PROSPER ULTRA 520 imprima imagens v\u00edvidas com cores vibrantes, renderize de forma confi\u00e1vel a gama de cores CMYK, suporte as cores de marcas e supere as expectativas do cliente.<\/p>\n\n\n\n<p><strong>A PROSPER ULTRA 520 \u00e9 a primeira impressora da Kodak a usar a tecnologia ULTRASTREAM Inkjet. Quais as vantagens dessa tecnologia para os clientes?<\/strong><\/p>\n\n\n\n<p>A tecnologia ULTRASTREAM leva nossa tecnologia de jato de tinta cont\u00ednuo para o pr\u00f3ximo n\u00edvel, aprimorando a qualidade ao aumentar a resolu\u00e7\u00e3o para 600 por 1800 dpi, mas tamb\u00e9m diminuindo o tamanho da gota de tinta. O resultado \u00e9 uma qualidade de imagem equivalente \u00e0 offset, mas 100% digital, funcionando em velocidades de produ\u00e7\u00e3o. O que se soma a isso \u00e9 a capacidade das tintas Kodak. Nossas tintas nanoparticuladas \u00e0 base de \u00e1gua oferecem \u00e0s impressoras uma gama de cores excepcionalmente grande e \u00f3tima efici\u00eancia de secagem.<\/p>\n\n\n\n<p><strong>De que forma a tecnologia ULTRASTREAM \u00e9 superior a outras tecnologias inkjet, como DOD, em altas velocidades de produ\u00e7\u00e3o?<\/strong><\/p>\n\n\n\n<p>A KODAK ULTRASTREAM oferece o m\u00e1ximo em retid\u00e3o de linha, realces, detalhes e fidelidade de cores, bem como consist\u00eancia em longas tiragens. As gotas de tinta s\u00e3o criadas mais rapidamente do que o sistema drop on demand (DOD) e isso permite que apenas uma matriz de cabe\u00e7as de impress\u00e3o imprima a largura total de 520 mm a 500 fpm ou 150 mpm, ao contr\u00e1rio dos sistemas DOD, que devem diminuir a velocidade e \/ ou adicionar cabe\u00e7as de impress\u00e3o extras.<\/p>\n\n\n\n<p>As gotas chegam ao papel mais r\u00e1pido do que o sistema DOD e isso possibilita exatamente melhor qualidade. Al\u00e9m disso, as gotas s\u00e3o redondas e precisas, ao contr\u00e1rio do sistema DOD, que cria gotas deformadas e gotas extras de sat\u00e9lite, levando a bordas irregulares no texto, linhas e imagens menos n\u00edtidas. E, ao contr\u00e1rio de v\u00e1rias impressoras concorrentes, a PROSPER ULTRA 520 n\u00e3o precisa imprimir barras de eje\u00e7\u00e3o de tinta e linhas de cor entre os trabalhos para evitar entupimento do bico.<\/p>\n\n\n\n<figure class=\"wp-block-image size-large\"><img fetchpriority=\"high\" decoding=\"async\" width=\"1024\" height=\"1024\" src=\"https:\/\/projetopack.com.br\/wp-content\/uploads\/2021\/03\/Ultrastream-3-1024x1024.jpg\" alt=\"\" class=\"wp-image-9922\" srcset=\"https:\/\/projetopack.com.br\/wp-content\/uploads\/2021\/03\/Ultrastream-3-1024x1024.jpg 1024w, https:\/\/projetopack.com.br\/wp-content\/uploads\/2021\/03\/Ultrastream-3-100x100.jpg 100w, https:\/\/projetopack.com.br\/wp-content\/uploads\/2021\/03\/Ultrastream-3-300x300.jpg 300w, https:\/\/projetopack.com.br\/wp-content\/uploads\/2021\/03\/Ultrastream-3-150x150.jpg 150w, https:\/\/projetopack.com.br\/wp-content\/uploads\/2021\/03\/Ultrastream-3-1536x1536.jpg 1536w, https:\/\/projetopack.com.br\/wp-content\/uploads\/2021\/03\/Ultrastream-3-2048x2048.jpg 2048w, https:\/\/projetopack.com.br\/wp-content\/uploads\/2021\/03\/Ultrastream-3-600x600.jpg 600w\" sizes=\"(max-width: 1024px) 100vw, 1024px\" \/><\/figure>\n\n\n\n<p><strong>Por que suas solu\u00e7\u00f5es de jato de tinta dependem de tintas \u00e0 base de \u00e1gua? Elas n\u00e3o tornam a secagem mais dif\u00edcil, especialmente com alta cobertura de tinta em pap\u00e9is revestidos?<\/strong><\/p>\n\n\n\n<p>As tintas Kodak t\u00eam n\u00edveis mais baixos de umectantes do que a concorr\u00eancia. Isso significa secagem mais r\u00e1pida, mesmo com alta cobertura de tinta em substratos de papel revestido e brilhante.<\/p>\n\n\n\n<p>Especificamente, a PROSPER ULTRA 520 apresenta um sistema de secagem inteligente propriet\u00e1rio usando tecnologia de infravermelho. Esta solu\u00e7\u00e3o de secagem, combinada com nossas tintas com baixo umectante, s\u00e3o a chave para imprimir uma cobertura de tinta mais densa em pap\u00e9is brilhantes na velocidade m\u00e1xima da impressora.<\/p>\n\n\n\n<p><strong>Por que voc\u00ea projetou o PROSPER ULTRA 520 para uma largura de impress\u00e3o m\u00e1xima de 520 mm? Afinal, larguras maiores tamb\u00e9m seriam poss\u00edveis com ULTRASTREAM<\/strong><\/p>\n\n\n\n<p>A largura m\u00e1xima de impress\u00e3o de 520 mm permite trabalhar com uma ampla variedade de formatos para imposi\u00e7\u00e3o mais condizente com as impressoras offset tradicionais. Isso garante compatibilidade total com impressoras offset planas nos formatos B2 e B1, bem como com qualquer equipamento de p\u00f3s-processamento que as impressoras j\u00e1 tenham instalado. Essa largura de impress\u00e3o tamb\u00e9m desempenha um papel no design compacto e no tamanho reduzido do PROSPER ULTRA 520 e, n\u00e3o menos importante, contribui para seus custos de investimento competitivos.<\/p>\n\n\n\n<p><strong>O papel \u00e9 o maior custo vari\u00e1vel em qualquer trabalho de impress\u00e3o. Como a PROSPER ULTRA 520 ajuda os clientes a manter seus custos de papel sob controle?<\/strong><\/p>\n\n\n\n<p>O equipamento oferece v\u00e1rios recursos que ajudam os impressores a manter baixos os custos com papel. A impressora pode imprimir em substratos compat\u00edveis com jato de tinta em velocidade total. Pap\u00e9is offset padr\u00e3o econ\u00f4micos tamb\u00e9m podem ser usados no PROSPER ULTRA 520 com um sistema de pr\u00e9-revestimento opcional em linha.<\/p>\n\n\n\n<p>Como a impressora n\u00e3o precisa imprimir barras de divis\u00e3o e linhas coloridas entre os trabalhos para ajustar os cabe\u00e7otes de impress\u00e3o, n\u00e3o h\u00e1 desperd\u00edcio de papel e tinta com a manuten\u00e7\u00e3o desse cabe\u00e7ote. Al\u00e9m disso, a impressora utiliza o Sistema de Impress\u00e3o Inteligente da Kodak, que monitora e otimiza continuamente o alinhamento, o registro de cor e a qualidade de impress\u00e3o frente-e-verso. Isso tamb\u00e9m ajuda a evitar o desperd\u00edcio de papel caro.<\/p>\n\n\n\n<p><strong>As gr\u00e1ficas digitais de alta velocidade, que normalmente devem produzir um grande n\u00famero de trabalhos relativamente pequenos, segmentados ou VDP, colocam demandas especiais no desempenho do front-end digital. O que a PROSPER ULTRA 520 oferece nesse quesito?<\/strong><\/p>\n\n\n\n<p>Os controles de impress\u00e3o e o gerenciamento de trabalhos s\u00e3o realizados pelo Gerenciador de impress\u00e3o KODAK 900, que \u00e9 baseado em um hardware extremamente eficiente. O front end digital usa ADOBE APPE 5 RIP de \u00faltima gera\u00e7\u00e3o e opera a impressora com desempenho m\u00e1ximo com f\u00e1cil configura\u00e7\u00e3o, prepara\u00e7\u00e3o e um sofisticado sistema de enfileiramento de trabalhos. O sistema aceita todos os principais formatos de arquivo, como PDF, PDF \/ VT e AFP e oferece suporte \u00e0 conectividade com sistemas de pr\u00e9-impress\u00e3o e acabamento compat\u00edveis com JDF \/ JMF. Al\u00e9m disso, uma interface otimizada com o KODAK PRINERGY Workflow maximiza a efici\u00eancia da produ\u00e7\u00e3o e a seguran\u00e7a dos dados. Esses recursos garantem a integra\u00e7\u00e3o ideal da PROSPER ULTRA 520 nos ambientes de produ\u00e7\u00e3o j\u00e1 existentes.<\/p>\n\n\n\n<p><strong>Leia mais em nosso site:<\/strong><br><a href=\"https:\/\/projetopack.com.br\/a-gama-expandida-e-uma-realidade\/\">A gama expandida \u00e9 uma realidade<\/a><\/p>","protected":false},"excerpt":{"rendered":"<p>VP de impress\u00e3o da Kodak fala sobre a nova inkjet Prosper 520<\/p>","protected":false},"author":18,"featured_media":9921,"comment_status":"open","ping_status":"closed","sticky":false,"template":"","format":"standard","meta":{"footnotes":""},"categories":[632],"tags":[128,129],"class_list":["post-9920","post","type-post","status-publish","format-standard","has-post-thumbnail","hentry","category-entrevistas","tag-digital","tag-impressao-digital"],"yoast_head":"<!-- This site is optimized with the Yoast SEO Premium plugin v27.1 (Yoast SEO v27.1.1) - https:\/\/yoast.com\/product\/yoast-seo-premium-wordpress\/ -->\n<title>Vice-presidente s\u00eanior de impress\u00e3o da Kodak fala sobre a nova Prosper - ProjetoPack<\/title>\n<meta name=\"description\" content=\"Randy Vandagriff, VP s\u00eanior do segmento de impress\u00e3o da Kodak fala sobre a nova Prosper Ultra 520.\" \/>\n<meta name=\"robots\" content=\"index, follow, max-snippet:-1, max-image-preview:large, max-video-preview:-1\" \/>\n<link rel=\"canonical\" href=\"https:\/\/projetopack.com.br\/en\/vice-presidente-senior-de-impressao-da-kodak-fala-sobre-a-nova-prosper\/\" \/>\n<meta property=\"og:locale\" content=\"en_US\" \/>\n<meta property=\"og:type\" content=\"article\" \/>\n<meta property=\"og:title\" content=\"Vice-presidente s\u00eanior de impress\u00e3o da Kodak fala sobre a nova Prosper\" \/>\n<meta property=\"og:description\" content=\"Randy Vandagriff, VP s\u00eanior do segmento de impress\u00e3o da Kodak fala sobre a nova Prosper Ultra 520.\" \/>\n<meta property=\"og:url\" content=\"https:\/\/projetopack.com.br\/en\/vice-presidente-senior-de-impressao-da-kodak-fala-sobre-a-nova-prosper\/\" \/>\n<meta property=\"og:site_name\" content=\"ProjetoPack\" \/>\n<meta property=\"article:published_time\" content=\"2021-03-12T18:00:13+00:00\" \/>\n<meta property=\"article:modified_time\" content=\"2021-04-27T04:57:40+00:00\" \/>\n<meta property=\"og:image\" content=\"https:\/\/projetopack.com.br\/wp-content\/uploads\/2021\/03\/KODAK-PROSPER-ULTRA-520-Press.jpg\" \/>\n\t<meta property=\"og:image:width\" content=\"2048\" \/>\n\t<meta property=\"og:image:height\" content=\"1276\" \/>\n\t<meta property=\"og:image:type\" content=\"image\/jpeg\" \/>\n<meta name=\"author\" content=\"Andrea\" \/>\n<meta name=\"twitter:card\" content=\"summary_large_image\" \/>\n<meta name=\"twitter:creator\" content=\"@ProjetoPack\" \/>\n<meta name=\"twitter:site\" content=\"@ProjetoPack\" \/>\n<meta name=\"twitter:label1\" content=\"Written by\" \/>\n\t<meta name=\"twitter:data1\" content=\"Andrea\" \/>\n\t<meta name=\"twitter:label2\" content=\"Est. reading time\" \/>\n\t<meta name=\"twitter:data2\" content=\"8 minutes\" \/>\n<script type=\"application\/ld+json\" class=\"yoast-schema-graph\">{\"@context\":\"https:\/\/schema.org\",\"@graph\":[{\"@type\":\"Article\",\"@id\":\"https:\/\/projetopack.com.br\/vice-presidente-senior-de-impressao-da-kodak-fala-sobre-a-nova-prosper\/#article\",\"isPartOf\":{\"@id\":\"https:\/\/projetopack.com.br\/vice-presidente-senior-de-impressao-da-kodak-fala-sobre-a-nova-prosper\/\"},\"author\":{\"name\":\"Andrea\",\"@id\":\"https:\/\/projetopack.com.br\/#\/schema\/person\/d17c72a4bc2b7e461496dd8a14d4cef1\"},\"headline\":\"Vice-presidente s\u00eanior de impress\u00e3o da Kodak fala sobre a nova Prosper\",\"datePublished\":\"2021-03-12T18:00:13+00:00\",\"dateModified\":\"2021-04-27T04:57:40+00:00\",\"mainEntityOfPage\":{\"@id\":\"https:\/\/projetopack.com.br\/vice-presidente-senior-de-impressao-da-kodak-fala-sobre-a-nova-prosper\/\"},\"wordCount\":1672,\"commentCount\":0,\"publisher\":{\"@id\":\"https:\/\/projetopack.com.br\/#organization\"},\"image\":{\"@id\":\"https:\/\/projetopack.com.br\/vice-presidente-senior-de-impressao-da-kodak-fala-sobre-a-nova-prosper\/#primaryimage\"},\"thumbnailUrl\":\"https:\/\/projetopack.com.br\/wp-content\/uploads\/2021\/03\/KODAK-PROSPER-ULTRA-520-Press.jpg\",\"keywords\":[\"digital\",\"impress\u00e3o digital\"],\"articleSection\":[\"Entrevistas\"],\"inLanguage\":\"en-US\",\"potentialAction\":[{\"@type\":\"CommentAction\",\"name\":\"Comment\",\"target\":[\"https:\/\/projetopack.com.br\/vice-presidente-senior-de-impressao-da-kodak-fala-sobre-a-nova-prosper\/#respond\"]}]},{\"@type\":\"WebPage\",\"@id\":\"https:\/\/projetopack.com.br\/vice-presidente-senior-de-impressao-da-kodak-fala-sobre-a-nova-prosper\/\",\"url\":\"https:\/\/projetopack.com.br\/vice-presidente-senior-de-impressao-da-kodak-fala-sobre-a-nova-prosper\/\",\"name\":\"Vice-presidente s\u00eanior de impress\u00e3o da Kodak fala sobre a nova Prosper - ProjetoPack\",\"isPartOf\":{\"@id\":\"https:\/\/projetopack.com.br\/#website\"},\"primaryImageOfPage\":{\"@id\":\"https:\/\/projetopack.com.br\/vice-presidente-senior-de-impressao-da-kodak-fala-sobre-a-nova-prosper\/#primaryimage\"},\"image\":{\"@id\":\"https:\/\/projetopack.com.br\/vice-presidente-senior-de-impressao-da-kodak-fala-sobre-a-nova-prosper\/#primaryimage\"},\"thumbnailUrl\":\"https:\/\/projetopack.com.br\/wp-content\/uploads\/2021\/03\/KODAK-PROSPER-ULTRA-520-Press.jpg\",\"datePublished\":\"2021-03-12T18:00:13+00:00\",\"dateModified\":\"2021-04-27T04:57:40+00:00\",\"description\":\"Randy Vandagriff, VP s\u00eanior do segmento de impress\u00e3o da Kodak fala sobre a nova Prosper Ultra 520.\",\"breadcrumb\":{\"@id\":\"https:\/\/projetopack.com.br\/vice-presidente-senior-de-impressao-da-kodak-fala-sobre-a-nova-prosper\/#breadcrumb\"},\"inLanguage\":\"en-US\",\"potentialAction\":[{\"@type\":\"ReadAction\",\"target\":[\"https:\/\/projetopack.com.br\/vice-presidente-senior-de-impressao-da-kodak-fala-sobre-a-nova-prosper\/\"]}]},{\"@type\":\"ImageObject\",\"inLanguage\":\"en-US\",\"@id\":\"https:\/\/projetopack.com.br\/vice-presidente-senior-de-impressao-da-kodak-fala-sobre-a-nova-prosper\/#primaryimage\",\"url\":\"https:\/\/projetopack.com.br\/wp-content\/uploads\/2021\/03\/KODAK-PROSPER-ULTRA-520-Press.jpg\",\"contentUrl\":\"https:\/\/projetopack.com.br\/wp-content\/uploads\/2021\/03\/KODAK-PROSPER-ULTRA-520-Press.jpg\",\"width\":2048,\"height\":1276},{\"@type\":\"BreadcrumbList\",\"@id\":\"https:\/\/projetopack.com.br\/vice-presidente-senior-de-impressao-da-kodak-fala-sobre-a-nova-prosper\/#breadcrumb\",\"itemListElement\":[{\"@type\":\"ListItem\",\"position\":1,\"name\":\"P\u00e1gina Inicial\",\"item\":\"https:\/\/projetopack.com.br\/\"},{\"@type\":\"ListItem\",\"position\":2,\"name\":\"Entrevistas\",\"item\":\"https:\/\/projetopack.com.br\/category\/entrevistas\/\"},{\"@type\":\"ListItem\",\"position\":3,\"name\":\"Vice-presidente s\u00eanior de impress\u00e3o da Kodak fala sobre a nova Prosper\"}]},{\"@type\":\"WebSite\",\"@id\":\"https:\/\/projetopack.com.br\/#website\",\"url\":\"https:\/\/projetopack.com.br\/\",\"name\":\"ProjetoPack\",\"description\":\"Consultoria e servi\u00e7os para embalagens, r\u00f3tulos, etiquetas e processos de impress\u00e3o\",\"publisher\":{\"@id\":\"https:\/\/projetopack.com.br\/#organization\"},\"potentialAction\":[{\"@type\":\"SearchAction\",\"target\":{\"@type\":\"EntryPoint\",\"urlTemplate\":\"https:\/\/projetopack.com.br\/?s={search_term_string}\"},\"query-input\":{\"@type\":\"PropertyValueSpecification\",\"valueRequired\":true,\"valueName\":\"search_term_string\"}}],\"inLanguage\":\"en-US\"},{\"@type\":\"Organization\",\"@id\":\"https:\/\/projetopack.com.br\/#organization\",\"name\":\"ProjetoPack & Associados\",\"url\":\"https:\/\/projetopack.com.br\/\",\"logo\":{\"@type\":\"ImageObject\",\"inLanguage\":\"en-US\",\"@id\":\"https:\/\/projetopack.com.br\/#\/schema\/logo\/image\/\",\"url\":\"https:\/\/projetopack.com.br\/wp-content\/uploads\/2020\/09\/projetopack.png\",\"contentUrl\":\"https:\/\/projetopack.com.br\/wp-content\/uploads\/2020\/09\/projetopack.png\",\"width\":200,\"height\":200,\"caption\":\"ProjetoPack & Associados\"},\"image\":{\"@id\":\"https:\/\/projetopack.com.br\/#\/schema\/logo\/image\/\"},\"sameAs\":[\"https:\/\/x.com\/ProjetoPack\",\"https:\/\/www.linkedin.com\/company\/projetopack\/\"]},{\"@type\":\"Person\",\"@id\":\"https:\/\/projetopack.com.br\/#\/schema\/person\/d17c72a4bc2b7e461496dd8a14d4cef1\",\"name\":\"Andrea\",\"image\":{\"@type\":\"ImageObject\",\"inLanguage\":\"en-US\",\"@id\":\"https:\/\/projetopack.com.br\/#\/schema\/person\/image\/\",\"url\":\"https:\/\/projetopack.com.br\/wp-content\/uploads\/2026\/03\/eu-150x150.jpg\",\"contentUrl\":\"https:\/\/projetopack.com.br\/wp-content\/uploads\/2026\/03\/eu-150x150.jpg\",\"caption\":\"Andrea\"},\"url\":\"https:\/\/projetopack.com.br\/en\/author\/andrea\/\"}]}<\/script>\n<!-- \/ Yoast SEO Premium plugin. -->","yoast_head_json":{"title":"Vice-presidente s\u00eanior de impress\u00e3o da Kodak fala sobre a nova Prosper - ProjetoPack","description":"Randy Vandagriff, VP s\u00eanior do segmento de impress\u00e3o da Kodak fala sobre a nova Prosper Ultra 520.","robots":{"index":"index","follow":"follow","max-snippet":"max-snippet:-1","max-image-preview":"max-image-preview:large","max-video-preview":"max-video-preview:-1"},"canonical":"https:\/\/projetopack.com.br\/en\/vice-presidente-senior-de-impressao-da-kodak-fala-sobre-a-nova-prosper\/","og_locale":"en_US","og_type":"article","og_title":"Vice-presidente s\u00eanior de impress\u00e3o da Kodak fala sobre a nova Prosper","og_description":"Randy Vandagriff, VP s\u00eanior do segmento de impress\u00e3o da Kodak fala sobre a nova Prosper Ultra 520.","og_url":"https:\/\/projetopack.com.br\/en\/vice-presidente-senior-de-impressao-da-kodak-fala-sobre-a-nova-prosper\/","og_site_name":"ProjetoPack","article_published_time":"2021-03-12T18:00:13+00:00","article_modified_time":"2021-04-27T04:57:40+00:00","og_image":[{"width":2048,"height":1276,"url":"https:\/\/projetopack.com.br\/wp-content\/uploads\/2021\/03\/KODAK-PROSPER-ULTRA-520-Press.jpg","type":"image\/jpeg"}],"author":"Andrea","twitter_card":"summary_large_image","twitter_creator":"@ProjetoPack","twitter_site":"@ProjetoPack","twitter_misc":{"Written by":"Andrea","Est. reading time":"8 minutes"},"schema":{"@context":"https:\/\/schema.org","@graph":[{"@type":"Article","@id":"https:\/\/projetopack.com.br\/vice-presidente-senior-de-impressao-da-kodak-fala-sobre-a-nova-prosper\/#article","isPartOf":{"@id":"https:\/\/projetopack.com.br\/vice-presidente-senior-de-impressao-da-kodak-fala-sobre-a-nova-prosper\/"},"author":{"name":"Andrea","@id":"https:\/\/projetopack.com.br\/#\/schema\/person\/d17c72a4bc2b7e461496dd8a14d4cef1"},"headline":"Vice-presidente s\u00eanior de impress\u00e3o da Kodak fala sobre a nova Prosper","datePublished":"2021-03-12T18:00:13+00:00","dateModified":"2021-04-27T04:57:40+00:00","mainEntityOfPage":{"@id":"https:\/\/projetopack.com.br\/vice-presidente-senior-de-impressao-da-kodak-fala-sobre-a-nova-prosper\/"},"wordCount":1672,"commentCount":0,"publisher":{"@id":"https:\/\/projetopack.com.br\/#organization"},"image":{"@id":"https:\/\/projetopack.com.br\/vice-presidente-senior-de-impressao-da-kodak-fala-sobre-a-nova-prosper\/#primaryimage"},"thumbnailUrl":"https:\/\/projetopack.com.br\/wp-content\/uploads\/2021\/03\/KODAK-PROSPER-ULTRA-520-Press.jpg","keywords":["digital","impress\u00e3o digital"],"articleSection":["Entrevistas"],"inLanguage":"en-US","potentialAction":[{"@type":"CommentAction","name":"Comment","target":["https:\/\/projetopack.com.br\/vice-presidente-senior-de-impressao-da-kodak-fala-sobre-a-nova-prosper\/#respond"]}]},{"@type":"WebPage","@id":"https:\/\/projetopack.com.br\/vice-presidente-senior-de-impressao-da-kodak-fala-sobre-a-nova-prosper\/","url":"https:\/\/projetopack.com.br\/vice-presidente-senior-de-impressao-da-kodak-fala-sobre-a-nova-prosper\/","name":"Vice-presidente s\u00eanior de impress\u00e3o da Kodak fala sobre a nova Prosper - ProjetoPack","isPartOf":{"@id":"https:\/\/projetopack.com.br\/#website"},"primaryImageOfPage":{"@id":"https:\/\/projetopack.com.br\/vice-presidente-senior-de-impressao-da-kodak-fala-sobre-a-nova-prosper\/#primaryimage"},"image":{"@id":"https:\/\/projetopack.com.br\/vice-presidente-senior-de-impressao-da-kodak-fala-sobre-a-nova-prosper\/#primaryimage"},"thumbnailUrl":"https:\/\/projetopack.com.br\/wp-content\/uploads\/2021\/03\/KODAK-PROSPER-ULTRA-520-Press.jpg","datePublished":"2021-03-12T18:00:13+00:00","dateModified":"2021-04-27T04:57:40+00:00","description":"Randy Vandagriff, VP s\u00eanior do segmento de impress\u00e3o da Kodak fala sobre a nova Prosper Ultra 520.","breadcrumb":{"@id":"https:\/\/projetopack.com.br\/vice-presidente-senior-de-impressao-da-kodak-fala-sobre-a-nova-prosper\/#breadcrumb"},"inLanguage":"en-US","potentialAction":[{"@type":"ReadAction","target":["https:\/\/projetopack.com.br\/vice-presidente-senior-de-impressao-da-kodak-fala-sobre-a-nova-prosper\/"]}]},{"@type":"ImageObject","inLanguage":"en-US","@id":"https:\/\/projetopack.com.br\/vice-presidente-senior-de-impressao-da-kodak-fala-sobre-a-nova-prosper\/#primaryimage","url":"https:\/\/projetopack.com.br\/wp-content\/uploads\/2021\/03\/KODAK-PROSPER-ULTRA-520-Press.jpg","contentUrl":"https:\/\/projetopack.com.br\/wp-content\/uploads\/2021\/03\/KODAK-PROSPER-ULTRA-520-Press.jpg","width":2048,"height":1276},{"@type":"BreadcrumbList","@id":"https:\/\/projetopack.com.br\/vice-presidente-senior-de-impressao-da-kodak-fala-sobre-a-nova-prosper\/#breadcrumb","itemListElement":[{"@type":"ListItem","position":1,"name":"P\u00e1gina Inicial","item":"https:\/\/projetopack.com.br\/"},{"@type":"ListItem","position":2,"name":"Entrevistas","item":"https:\/\/projetopack.com.br\/category\/entrevistas\/"},{"@type":"ListItem","position":3,"name":"Vice-presidente s\u00eanior de impress\u00e3o da Kodak fala sobre a nova Prosper"}]},{"@type":"WebSite","@id":"https:\/\/projetopack.com.br\/#website","url":"https:\/\/projetopack.com.br\/","name":"ProjetoPack","description":"Consultoria e servi\u00e7os para embalagens, r\u00f3tulos, etiquetas e processos de impress\u00e3o","publisher":{"@id":"https:\/\/projetopack.com.br\/#organization"},"potentialAction":[{"@type":"SearchAction","target":{"@type":"EntryPoint","urlTemplate":"https:\/\/projetopack.com.br\/?s={search_term_string}"},"query-input":{"@type":"PropertyValueSpecification","valueRequired":true,"valueName":"search_term_string"}}],"inLanguage":"en-US"},{"@type":"Organization","@id":"https:\/\/projetopack.com.br\/#organization","name":"ProjetoPack & Associados","url":"https:\/\/projetopack.com.br\/","logo":{"@type":"ImageObject","inLanguage":"en-US","@id":"https:\/\/projetopack.com.br\/#\/schema\/logo\/image\/","url":"https:\/\/projetopack.com.br\/wp-content\/uploads\/2020\/09\/projetopack.png","contentUrl":"https:\/\/projetopack.com.br\/wp-content\/uploads\/2020\/09\/projetopack.png","width":200,"height":200,"caption":"ProjetoPack & Associados"},"image":{"@id":"https:\/\/projetopack.com.br\/#\/schema\/logo\/image\/"},"sameAs":["https:\/\/x.com\/ProjetoPack","https:\/\/www.linkedin.com\/company\/projetopack\/"]},{"@type":"Person","@id":"https:\/\/projetopack.com.br\/#\/schema\/person\/d17c72a4bc2b7e461496dd8a14d4cef1","name":"Andrea","image":{"@type":"ImageObject","inLanguage":"en-US","@id":"https:\/\/projetopack.com.br\/#\/schema\/person\/image\/","url":"https:\/\/projetopack.com.br\/wp-content\/uploads\/2026\/03\/eu-150x150.jpg","contentUrl":"https:\/\/projetopack.com.br\/wp-content\/uploads\/2026\/03\/eu-150x150.jpg","caption":"Andrea"},"url":"https:\/\/projetopack.com.br\/en\/author\/andrea\/"}]}},"_links":{"self":[{"href":"https:\/\/projetopack.com.br\/en\/wp-json\/wp\/v2\/posts\/9920","targetHints":{"allow":["GET"]}}],"collection":[{"href":"https:\/\/projetopack.com.br\/en\/wp-json\/wp\/v2\/posts"}],"about":[{"href":"https:\/\/projetopack.com.br\/en\/wp-json\/wp\/v2\/types\/post"}],"author":[{"embeddable":true,"href":"https:\/\/projetopack.com.br\/en\/wp-json\/wp\/v2\/users\/18"}],"replies":[{"embeddable":true,"href":"https:\/\/projetopack.com.br\/en\/wp-json\/wp\/v2\/comments?post=9920"}],"version-history":[{"count":0,"href":"https:\/\/projetopack.com.br\/en\/wp-json\/wp\/v2\/posts\/9920\/revisions"}],"wp:featuredmedia":[{"embeddable":true,"href":"https:\/\/projetopack.com.br\/en\/wp-json\/wp\/v2\/media\/9921"}],"wp:attachment":[{"href":"https:\/\/projetopack.com.br\/en\/wp-json\/wp\/v2\/media?parent=9920"}],"wp:term":[{"taxonomy":"category","embeddable":true,"href":"https:\/\/projetopack.com.br\/en\/wp-json\/wp\/v2\/categories?post=9920"},{"taxonomy":"post_tag","embeddable":true,"href":"https:\/\/projetopack.com.br\/en\/wp-json\/wp\/v2\/tags?post=9920"}],"curies":[{"name":"wp","href":"https:\/\/api.w.org\/{rel}","templated":true}]}}