{"id":9932,"date":"2021-03-13T13:26:39","date_gmt":"2021-03-13T16:26:39","guid":{"rendered":"https:\/\/www.projetopack.com.br\/?p=9932"},"modified":"2021-04-27T01:55:15","modified_gmt":"2021-04-27T04:55:15","slug":"custo-de-producao-e-falta-de-especialistas-limitam-oferta-de-livros-em-braille","status":"publish","type":"post","link":"https:\/\/projetopack.com.br\/en\/custo-de-producao-e-falta-de-especialistas-limitam-oferta-de-livros-em-braille\/","title":{"rendered":"Custo de produ\u00e7\u00e3o e falta de especialistas limitam oferta de livros em Braille"},"content":{"rendered":"<p>Em 2019 foi realizado o \u00faltimo censo do IBGE sobre defici\u00eancia visual. Estimava-se que naquele ano, t\u00ednhamos ao redor de 6,5 milh\u00f5es de brasileiros com defici\u00eancia visual, sendo 582 mil cegas e 6 milh\u00f5es com baixa vis\u00e3o.<\/p>\n\n\n\n<p>Saiba mais sobre o tema acessando os conte\u00fados cruzados de impress\u00e3o offset postados periodicamente na comunidade <a href=\"https:\/\/www.facebook.com\/groups\/906908553415341\/permalink\/910563643049832\/\">Eu Amo Offset<\/a> ou acesse a mat\u00e9ria original, publicada no jornal o Estad\u00e3o:<\/p>\n\n\n\n<p><a href=\"https:\/\/brasil.estadao.com.br\/blogs\/vencer-limites\/custo-de-producao-e-falta-de-especialistas-ainda-limitam-oferta-de-livros-em-braille\/\">https:\/\/brasil.estadao.com.br\/blogs\/vencer-limites\/custo-de-producao-e-falta-de-especialistas-ainda-limitam-oferta-de-livros-em-braille\/<\/a><\/p>\n\n\n\n<p>Se voc\u00ea possui algum conte\u00fado interessante acerca da impress\u00e3o offset &#8211; pesquisas, dados, dicas de impress\u00e3o, entrevistas etc., basta enviar-nos por e-mail (<a href=\"mailto:revista@projetopack.com\">revista@projetopack.com<\/a>) ou inscrever-se na comunidade e postar diretamente por l\u00e1.<\/p>","protected":false},"excerpt":{"rendered":"<p>Impress\u00e3o de livros em Braille ainda tem limita\u00e7\u00f5es no Brasil<\/p>","protected":false},"author":18,"featured_media":9933,"comment_status":"open","ping_status":"closed","sticky":false,"template":"","format":"standard","meta":{"footnotes":""},"categories":[1],"tags":[637,556],"class_list":["post-9932","post","type-post","status-publish","format-standard","has-post-thumbnail","hentry","category-outros","tag-braille","tag-impressao-offset"],"yoast_head":"<!-- This site is optimized with the Yoast SEO Premium plugin v27.1 (Yoast SEO v27.1.1) - https:\/\/yoast.com\/product\/yoast-seo-premium-wordpress\/ -->\n<title>Custo de produ\u00e7\u00e3o e falta de especialistas limitam oferta de livros em Braille - ProjetoPack<\/title>\n<meta name=\"description\" content=\"Estimava-se que naquele ano, t\u00ednhamos ao redor de 6,5 milh\u00f5es de brasileiros com defici\u00eancia visual.\" \/>\n<meta name=\"robots\" content=\"index, follow, max-snippet:-1, max-image-preview:large, max-video-preview:-1\" \/>\n<link rel=\"canonical\" href=\"https:\/\/projetopack.com.br\/en\/custo-de-producao-e-falta-de-especialistas-limitam-oferta-de-livros-em-braille\/\" \/>\n<meta property=\"og:locale\" content=\"en_US\" \/>\n<meta property=\"og:type\" content=\"article\" \/>\n<meta property=\"og:title\" content=\"Custo de produ\u00e7\u00e3o e falta de especialistas limitam oferta de livros em Braille\" \/>\n<meta property=\"og:description\" content=\"Estimava-se que naquele ano, t\u00ednhamos ao redor de 6,5 milh\u00f5es de brasileiros com defici\u00eancia visual.\" \/>\n<meta property=\"og:url\" content=\"https:\/\/projetopack.com.br\/en\/custo-de-producao-e-falta-de-especialistas-limitam-oferta-de-livros-em-braille\/\" \/>\n<meta property=\"og:site_name\" content=\"ProjetoPack\" \/>\n<meta property=\"article:published_time\" content=\"2021-03-13T16:26:39+00:00\" \/>\n<meta property=\"article:modified_time\" content=\"2021-04-27T04:55:15+00:00\" \/>\n<meta property=\"og:image\" content=\"https:\/\/projetopack.com.br\/wp-content\/uploads\/2021\/03\/Offset.jpg\" \/>\n\t<meta property=\"og:image:width\" content=\"1080\" \/>\n\t<meta property=\"og:image:height\" content=\"1080\" \/>\n\t<meta property=\"og:image:type\" content=\"image\/jpeg\" \/>\n<meta name=\"author\" content=\"Andrea\" \/>\n<meta name=\"twitter:card\" content=\"summary_large_image\" \/>\n<meta name=\"twitter:creator\" content=\"@ProjetoPack\" \/>\n<meta name=\"twitter:site\" content=\"@ProjetoPack\" \/>\n<meta name=\"twitter:label1\" content=\"Written by\" \/>\n\t<meta name=\"twitter:data1\" content=\"Andrea\" \/>\n\t<meta name=\"twitter:label2\" content=\"Est. reading time\" \/>\n\t<meta name=\"twitter:data2\" content=\"1 minute\" \/>\n<script type=\"application\/ld+json\" class=\"yoast-schema-graph\">{\"@context\":\"https:\/\/schema.org\",\"@graph\":[{\"@type\":\"Article\",\"@id\":\"https:\/\/projetopack.com.br\/en\/custo-de-producao-e-falta-de-especialistas-limitam-oferta-de-livros-em-braille\/#article\",\"isPartOf\":{\"@id\":\"https:\/\/projetopack.com.br\/en\/custo-de-producao-e-falta-de-especialistas-limitam-oferta-de-livros-em-braille\/\"},\"author\":{\"name\":\"Andrea\",\"@id\":\"https:\/\/projetopack.com.br\/#\/schema\/person\/d17c72a4bc2b7e461496dd8a14d4cef1\"},\"headline\":\"Custo de produ\u00e7\u00e3o e falta de especialistas limitam oferta de livros em Braille\",\"datePublished\":\"2021-03-13T16:26:39+00:00\",\"dateModified\":\"2021-04-27T04:55:15+00:00\",\"mainEntityOfPage\":{\"@id\":\"https:\/\/projetopack.com.br\/en\/custo-de-producao-e-falta-de-especialistas-limitam-oferta-de-livros-em-braille\/\"},\"wordCount\":131,\"commentCount\":0,\"publisher\":{\"@id\":\"https:\/\/projetopack.com.br\/#organization\"},\"image\":{\"@id\":\"https:\/\/projetopack.com.br\/en\/custo-de-producao-e-falta-de-especialistas-limitam-oferta-de-livros-em-braille\/#primaryimage\"},\"thumbnailUrl\":\"https:\/\/projetopack.com.br\/wp-content\/uploads\/2021\/03\/Offset.jpg\",\"keywords\":[\"braille\",\"impress\u00e3o offset\"],\"articleSection\":[\"Outros\"],\"inLanguage\":\"en-US\",\"potentialAction\":[{\"@type\":\"CommentAction\",\"name\":\"Comment\",\"target\":[\"https:\/\/projetopack.com.br\/en\/custo-de-producao-e-falta-de-especialistas-limitam-oferta-de-livros-em-braille\/#respond\"]}]},{\"@type\":\"WebPage\",\"@id\":\"https:\/\/projetopack.com.br\/en\/custo-de-producao-e-falta-de-especialistas-limitam-oferta-de-livros-em-braille\/\",\"url\":\"https:\/\/projetopack.com.br\/en\/custo-de-producao-e-falta-de-especialistas-limitam-oferta-de-livros-em-braille\/\",\"name\":\"Custo de produ\u00e7\u00e3o e falta de especialistas limitam oferta de livros em Braille - ProjetoPack\",\"isPartOf\":{\"@id\":\"https:\/\/projetopack.com.br\/#website\"},\"primaryImageOfPage\":{\"@id\":\"https:\/\/projetopack.com.br\/en\/custo-de-producao-e-falta-de-especialistas-limitam-oferta-de-livros-em-braille\/#primaryimage\"},\"image\":{\"@id\":\"https:\/\/projetopack.com.br\/en\/custo-de-producao-e-falta-de-especialistas-limitam-oferta-de-livros-em-braille\/#primaryimage\"},\"thumbnailUrl\":\"https:\/\/projetopack.com.br\/wp-content\/uploads\/2021\/03\/Offset.jpg\",\"datePublished\":\"2021-03-13T16:26:39+00:00\",\"dateModified\":\"2021-04-27T04:55:15+00:00\",\"description\":\"Estimava-se que naquele ano, t\u00ednhamos ao redor de 6,5 milh\u00f5es de brasileiros com defici\u00eancia visual.\",\"breadcrumb\":{\"@id\":\"https:\/\/projetopack.com.br\/en\/custo-de-producao-e-falta-de-especialistas-limitam-oferta-de-livros-em-braille\/#breadcrumb\"},\"inLanguage\":\"en-US\",\"potentialAction\":[{\"@type\":\"ReadAction\",\"target\":[\"https:\/\/projetopack.com.br\/en\/custo-de-producao-e-falta-de-especialistas-limitam-oferta-de-livros-em-braille\/\"]}]},{\"@type\":\"ImageObject\",\"inLanguage\":\"en-US\",\"@id\":\"https:\/\/projetopack.com.br\/en\/custo-de-producao-e-falta-de-especialistas-limitam-oferta-de-livros-em-braille\/#primaryimage\",\"url\":\"https:\/\/projetopack.com.br\/wp-content\/uploads\/2021\/03\/Offset.jpg\",\"contentUrl\":\"https:\/\/projetopack.com.br\/wp-content\/uploads\/2021\/03\/Offset.jpg\",\"width\":1080,\"height\":1080},{\"@type\":\"BreadcrumbList\",\"@id\":\"https:\/\/projetopack.com.br\/en\/custo-de-producao-e-falta-de-especialistas-limitam-oferta-de-livros-em-braille\/#breadcrumb\",\"itemListElement\":[{\"@type\":\"ListItem\",\"position\":1,\"name\":\"P\u00e1gina Inicial\",\"item\":\"https:\/\/projetopack.com.br\/\"},{\"@type\":\"ListItem\",\"position\":2,\"name\":\"Outros\",\"item\":\"https:\/\/projetopack.com.br\/category\/outros\/\"},{\"@type\":\"ListItem\",\"position\":3,\"name\":\"Custo de produ\u00e7\u00e3o e falta de especialistas limitam oferta de livros em Braille\"}]},{\"@type\":\"WebSite\",\"@id\":\"https:\/\/projetopack.com.br\/#website\",\"url\":\"https:\/\/projetopack.com.br\/\",\"name\":\"ProjetoPack\",\"description\":\"Consultoria e servi\u00e7os para embalagens, r\u00f3tulos, etiquetas e processos de impress\u00e3o\",\"publisher\":{\"@id\":\"https:\/\/projetopack.com.br\/#organization\"},\"potentialAction\":[{\"@type\":\"SearchAction\",\"target\":{\"@type\":\"EntryPoint\",\"urlTemplate\":\"https:\/\/projetopack.com.br\/?s={search_term_string}\"},\"query-input\":{\"@type\":\"PropertyValueSpecification\",\"valueRequired\":true,\"valueName\":\"search_term_string\"}}],\"inLanguage\":\"en-US\"},{\"@type\":\"Organization\",\"@id\":\"https:\/\/projetopack.com.br\/#organization\",\"name\":\"ProjetoPack & Associados\",\"url\":\"https:\/\/projetopack.com.br\/\",\"logo\":{\"@type\":\"ImageObject\",\"inLanguage\":\"en-US\",\"@id\":\"https:\/\/projetopack.com.br\/#\/schema\/logo\/image\/\",\"url\":\"https:\/\/projetopack.com.br\/wp-content\/uploads\/2020\/09\/projetopack.png\",\"contentUrl\":\"https:\/\/projetopack.com.br\/wp-content\/uploads\/2020\/09\/projetopack.png\",\"width\":200,\"height\":200,\"caption\":\"ProjetoPack & Associados\"},\"image\":{\"@id\":\"https:\/\/projetopack.com.br\/#\/schema\/logo\/image\/\"},\"sameAs\":[\"https:\/\/x.com\/ProjetoPack\",\"https:\/\/www.linkedin.com\/company\/projetopack\/\"]},{\"@type\":\"Person\",\"@id\":\"https:\/\/projetopack.com.br\/#\/schema\/person\/d17c72a4bc2b7e461496dd8a14d4cef1\",\"name\":\"Andrea\",\"image\":{\"@type\":\"ImageObject\",\"inLanguage\":\"en-US\",\"@id\":\"https:\/\/projetopack.com.br\/#\/schema\/person\/image\/\",\"url\":\"https:\/\/projetopack.com.br\/wp-content\/uploads\/2026\/03\/eu-150x150.jpg\",\"contentUrl\":\"https:\/\/projetopack.com.br\/wp-content\/uploads\/2026\/03\/eu-150x150.jpg\",\"caption\":\"Andrea\"},\"url\":\"https:\/\/projetopack.com.br\/en\/author\/andrea\/\"}]}<\/script>\n<!-- \/ Yoast SEO Premium plugin. -->","yoast_head_json":{"title":"Custo de produ\u00e7\u00e3o e falta de especialistas limitam oferta de livros em Braille - ProjetoPack","description":"Estimava-se que naquele ano, t\u00ednhamos ao redor de 6,5 milh\u00f5es de brasileiros com defici\u00eancia visual.","robots":{"index":"index","follow":"follow","max-snippet":"max-snippet:-1","max-image-preview":"max-image-preview:large","max-video-preview":"max-video-preview:-1"},"canonical":"https:\/\/projetopack.com.br\/en\/custo-de-producao-e-falta-de-especialistas-limitam-oferta-de-livros-em-braille\/","og_locale":"en_US","og_type":"article","og_title":"Custo de produ\u00e7\u00e3o e falta de especialistas limitam oferta de livros em Braille","og_description":"Estimava-se que naquele ano, t\u00ednhamos ao redor de 6,5 milh\u00f5es de brasileiros com defici\u00eancia visual.","og_url":"https:\/\/projetopack.com.br\/en\/custo-de-producao-e-falta-de-especialistas-limitam-oferta-de-livros-em-braille\/","og_site_name":"ProjetoPack","article_published_time":"2021-03-13T16:26:39+00:00","article_modified_time":"2021-04-27T04:55:15+00:00","og_image":[{"width":1080,"height":1080,"url":"https:\/\/projetopack.com.br\/wp-content\/uploads\/2021\/03\/Offset.jpg","type":"image\/jpeg"}],"author":"Andrea","twitter_card":"summary_large_image","twitter_creator":"@ProjetoPack","twitter_site":"@ProjetoPack","twitter_misc":{"Written by":"Andrea","Est. reading time":"1 minute"},"schema":{"@context":"https:\/\/schema.org","@graph":[{"@type":"Article","@id":"https:\/\/projetopack.com.br\/en\/custo-de-producao-e-falta-de-especialistas-limitam-oferta-de-livros-em-braille\/#article","isPartOf":{"@id":"https:\/\/projetopack.com.br\/en\/custo-de-producao-e-falta-de-especialistas-limitam-oferta-de-livros-em-braille\/"},"author":{"name":"Andrea","@id":"https:\/\/projetopack.com.br\/#\/schema\/person\/d17c72a4bc2b7e461496dd8a14d4cef1"},"headline":"Custo de produ\u00e7\u00e3o e falta de especialistas limitam oferta de livros em Braille","datePublished":"2021-03-13T16:26:39+00:00","dateModified":"2021-04-27T04:55:15+00:00","mainEntityOfPage":{"@id":"https:\/\/projetopack.com.br\/en\/custo-de-producao-e-falta-de-especialistas-limitam-oferta-de-livros-em-braille\/"},"wordCount":131,"commentCount":0,"publisher":{"@id":"https:\/\/projetopack.com.br\/#organization"},"image":{"@id":"https:\/\/projetopack.com.br\/en\/custo-de-producao-e-falta-de-especialistas-limitam-oferta-de-livros-em-braille\/#primaryimage"},"thumbnailUrl":"https:\/\/projetopack.com.br\/wp-content\/uploads\/2021\/03\/Offset.jpg","keywords":["braille","impress\u00e3o offset"],"articleSection":["Outros"],"inLanguage":"en-US","potentialAction":[{"@type":"CommentAction","name":"Comment","target":["https:\/\/projetopack.com.br\/en\/custo-de-producao-e-falta-de-especialistas-limitam-oferta-de-livros-em-braille\/#respond"]}]},{"@type":"WebPage","@id":"https:\/\/projetopack.com.br\/en\/custo-de-producao-e-falta-de-especialistas-limitam-oferta-de-livros-em-braille\/","url":"https:\/\/projetopack.com.br\/en\/custo-de-producao-e-falta-de-especialistas-limitam-oferta-de-livros-em-braille\/","name":"Custo de produ\u00e7\u00e3o e falta de especialistas limitam oferta de livros em Braille - ProjetoPack","isPartOf":{"@id":"https:\/\/projetopack.com.br\/#website"},"primaryImageOfPage":{"@id":"https:\/\/projetopack.com.br\/en\/custo-de-producao-e-falta-de-especialistas-limitam-oferta-de-livros-em-braille\/#primaryimage"},"image":{"@id":"https:\/\/projetopack.com.br\/en\/custo-de-producao-e-falta-de-especialistas-limitam-oferta-de-livros-em-braille\/#primaryimage"},"thumbnailUrl":"https:\/\/projetopack.com.br\/wp-content\/uploads\/2021\/03\/Offset.jpg","datePublished":"2021-03-13T16:26:39+00:00","dateModified":"2021-04-27T04:55:15+00:00","description":"Estimava-se que naquele ano, t\u00ednhamos ao redor de 6,5 milh\u00f5es de brasileiros com defici\u00eancia visual.","breadcrumb":{"@id":"https:\/\/projetopack.com.br\/en\/custo-de-producao-e-falta-de-especialistas-limitam-oferta-de-livros-em-braille\/#breadcrumb"},"inLanguage":"en-US","potentialAction":[{"@type":"ReadAction","target":["https:\/\/projetopack.com.br\/en\/custo-de-producao-e-falta-de-especialistas-limitam-oferta-de-livros-em-braille\/"]}]},{"@type":"ImageObject","inLanguage":"en-US","@id":"https:\/\/projetopack.com.br\/en\/custo-de-producao-e-falta-de-especialistas-limitam-oferta-de-livros-em-braille\/#primaryimage","url":"https:\/\/projetopack.com.br\/wp-content\/uploads\/2021\/03\/Offset.jpg","contentUrl":"https:\/\/projetopack.com.br\/wp-content\/uploads\/2021\/03\/Offset.jpg","width":1080,"height":1080},{"@type":"BreadcrumbList","@id":"https:\/\/projetopack.com.br\/en\/custo-de-producao-e-falta-de-especialistas-limitam-oferta-de-livros-em-braille\/#breadcrumb","itemListElement":[{"@type":"ListItem","position":1,"name":"P\u00e1gina Inicial","item":"https:\/\/projetopack.com.br\/"},{"@type":"ListItem","position":2,"name":"Outros","item":"https:\/\/projetopack.com.br\/category\/outros\/"},{"@type":"ListItem","position":3,"name":"Custo de produ\u00e7\u00e3o e falta de especialistas limitam oferta de livros em Braille"}]},{"@type":"WebSite","@id":"https:\/\/projetopack.com.br\/#website","url":"https:\/\/projetopack.com.br\/","name":"ProjetoPack","description":"Consultoria e servi\u00e7os para embalagens, r\u00f3tulos, etiquetas e processos de impress\u00e3o","publisher":{"@id":"https:\/\/projetopack.com.br\/#organization"},"potentialAction":[{"@type":"SearchAction","target":{"@type":"EntryPoint","urlTemplate":"https:\/\/projetopack.com.br\/?s={search_term_string}"},"query-input":{"@type":"PropertyValueSpecification","valueRequired":true,"valueName":"search_term_string"}}],"inLanguage":"en-US"},{"@type":"Organization","@id":"https:\/\/projetopack.com.br\/#organization","name":"ProjetoPack & Associados","url":"https:\/\/projetopack.com.br\/","logo":{"@type":"ImageObject","inLanguage":"en-US","@id":"https:\/\/projetopack.com.br\/#\/schema\/logo\/image\/","url":"https:\/\/projetopack.com.br\/wp-content\/uploads\/2020\/09\/projetopack.png","contentUrl":"https:\/\/projetopack.com.br\/wp-content\/uploads\/2020\/09\/projetopack.png","width":200,"height":200,"caption":"ProjetoPack & Associados"},"image":{"@id":"https:\/\/projetopack.com.br\/#\/schema\/logo\/image\/"},"sameAs":["https:\/\/x.com\/ProjetoPack","https:\/\/www.linkedin.com\/company\/projetopack\/"]},{"@type":"Person","@id":"https:\/\/projetopack.com.br\/#\/schema\/person\/d17c72a4bc2b7e461496dd8a14d4cef1","name":"Andrea","image":{"@type":"ImageObject","inLanguage":"en-US","@id":"https:\/\/projetopack.com.br\/#\/schema\/person\/image\/","url":"https:\/\/projetopack.com.br\/wp-content\/uploads\/2026\/03\/eu-150x150.jpg","contentUrl":"https:\/\/projetopack.com.br\/wp-content\/uploads\/2026\/03\/eu-150x150.jpg","caption":"Andrea"},"url":"https:\/\/projetopack.com.br\/en\/author\/andrea\/"}]}},"_links":{"self":[{"href":"https:\/\/projetopack.com.br\/en\/wp-json\/wp\/v2\/posts\/9932","targetHints":{"allow":["GET"]}}],"collection":[{"href":"https:\/\/projetopack.com.br\/en\/wp-json\/wp\/v2\/posts"}],"about":[{"href":"https:\/\/projetopack.com.br\/en\/wp-json\/wp\/v2\/types\/post"}],"author":[{"embeddable":true,"href":"https:\/\/projetopack.com.br\/en\/wp-json\/wp\/v2\/users\/18"}],"replies":[{"embeddable":true,"href":"https:\/\/projetopack.com.br\/en\/wp-json\/wp\/v2\/comments?post=9932"}],"version-history":[{"count":0,"href":"https:\/\/projetopack.com.br\/en\/wp-json\/wp\/v2\/posts\/9932\/revisions"}],"wp:featuredmedia":[{"embeddable":true,"href":"https:\/\/projetopack.com.br\/en\/wp-json\/wp\/v2\/media\/9933"}],"wp:attachment":[{"href":"https:\/\/projetopack.com.br\/en\/wp-json\/wp\/v2\/media?parent=9932"}],"wp:term":[{"taxonomy":"category","embeddable":true,"href":"https:\/\/projetopack.com.br\/en\/wp-json\/wp\/v2\/categories?post=9932"},{"taxonomy":"post_tag","embeddable":true,"href":"https:\/\/projetopack.com.br\/en\/wp-json\/wp\/v2\/tags?post=9932"}],"curies":[{"name":"wp","href":"https:\/\/api.w.org\/{rel}","templated":true}]}}