{"id":9969,"date":"2021-03-16T09:58:32","date_gmt":"2021-03-16T12:58:32","guid":{"rendered":"https:\/\/www.projetopack.com.br\/?p=9969"},"modified":"2021-04-27T01:41:38","modified_gmt":"2021-04-27T04:41:38","slug":"quem-foi-karel-klietsch","status":"publish","type":"post","link":"https:\/\/projetopack.com.br\/en\/quem-foi-karel-klietsch\/","title":{"rendered":"Quem foi Karel Klietsch?"},"content":{"rendered":"<p>A inven\u00e7\u00e3o da rotogravura moderna \u00e9 atribu\u00edda a este senhor, <strong>Karel Klietsch<\/strong> (escreve-se <strong>Karl Kli\u010d<\/strong>), nascido em Arnau, na Bo\u00eamia (atual Rep\u00fablica Checa), em 31 de mar\u00e7o de 1841.<\/p>\n\n\n\n<div class=\"wp-block-image\"><figure class=\"aligncenter size-full\"><img fetchpriority=\"high\" decoding=\"async\" width=\"255\" height=\"393\" src=\"https:\/\/projetopack.com.br\/wp-content\/uploads\/2021\/03\/karel.jpg\" alt=\"\" class=\"wp-image-9970\" srcset=\"https:\/\/projetopack.com.br\/wp-content\/uploads\/2021\/03\/karel.jpg 255w, https:\/\/projetopack.com.br\/wp-content\/uploads\/2021\/03\/karel-768x1183.jpg 768w, https:\/\/projetopack.com.br\/wp-content\/uploads\/2021\/03\/karel-600x924.jpg 600w\" sizes=\"(max-width: 255px) 100vw, 255px\" \/><\/figure><\/div>\n\n\n\n<p>Em meados de 1879, Karl fez uma s\u00e9rie de modifica\u00e7\u00f5es ao trabalho de <strong>William Henry Fox Talbot<\/strong> (o fot\u00f3grafo que redefiniu a t\u00e9cnica de grava\u00e7\u00e3o de uma chapa met\u00e1lica mediante processos fotogr\u00e1ficos a base de col\u00f3ides de cromo) e <strong>Joseph Swan<\/strong> (o desenvolvedor da grava\u00e7\u00e3o com &#8220;papel pigmento&#8221;).<\/p>\n\n\n\n<p>Com o emprego de uma dupla exposi\u00e7\u00e3o \u00e0 luz sobre o papel pigmento (a primeira, para definir a lineatura e a segunda, sensibilizar em diferentes n\u00edveis a gelatina para obter-se diferentes profundidades de alv\u00e9olos), Karel conseguiu pela primeira vez uma f\u00f4rma de impress\u00e3o com alv\u00e9olos de tamanho uniforme e profundidade vari\u00e1vel e apresentou seu novo processo &#8211; a <strong>Heliogravura<\/strong> &#8211; \u00e0 sociedade de fotografia de Vienna.<\/p>\n\n\n\n<p>Em 1985, Karel apresentou seu processo em Lancaster, Inglaterra. Os irm\u00e3os Storey formaram a <strong>Rembrandt Intaglio Printing Company<\/strong>, gerenciada pelo pr\u00f3prio Karl e <strong>Samuel Fawcett<\/strong>.<\/p>\n\n\n\n<figure class=\"wp-block-gallery aligncenter columns-1 is-cropped wp-block-gallery-1 is-layout-flex wp-block-gallery-is-layout-flex\"><ul class=\"blocks-gallery-grid\"><li class=\"blocks-gallery-item\"><figure><img decoding=\"async\" width=\"600\" height=\"270\" src=\"https:\/\/projetopack.com.br\/wp-content\/uploads\/2021\/03\/sun-photo-2.jpg\" alt=\"\" data-id=\"9971\" data-full-url=\"https:\/\/projetopack.com.br\/wp-content\/uploads\/2021\/03\/sun-photo-2.jpg\" data-link=\"https:\/\/projetopack.com.br\/?attachment_id=9971\" class=\"wp-image-9971\" srcset=\"https:\/\/projetopack.com.br\/wp-content\/uploads\/2021\/03\/sun-photo-2.jpg 600w, https:\/\/projetopack.com.br\/wp-content\/uploads\/2021\/03\/sun-photo-2-300x135.jpg 300w, https:\/\/projetopack.com.br\/wp-content\/uploads\/2021\/03\/sun-photo-2-768x345.jpg 768w\" sizes=\"(max-width: 600px) 100vw, 600px\" \/><\/figure><\/li><\/ul><figcaption class=\"blocks-gallery-caption\">Rara foto do time da &#8220;The Rembrandt Intaglio Printing Company&#8221;, com seu diretor Karl Kl\u00ed\u010d sentado na primeira fileira com o bra\u00e7o sobre os ombros de seu parceiro Samuel Fawcett.<\/figcaption><\/figure>\n\n\n\n<figure class=\"wp-block-pullquote\"><blockquote><p>Karel foi tamb\u00e9m o primeiro a utilizar uma fina l\u00e2mina de metal para raspar o cilindro gravado, deixando a tinta apenas nas \u00e1reas &#8220;escavadas&#8221; da imagem. <\/p><\/blockquote><\/figure>\n\n\n\n<p>O processo foi adaptado em antigas m\u00e1quinas de tingimento de tecidos e tudo era conduzido secretamente, para que ningu\u00e9m pudesse copiar o sistema.<\/p>\n\n\n\n<figure class=\"wp-block-gallery aligncenter columns-1 wp-block-gallery-2 is-layout-flex wp-block-gallery-is-layout-flex\"><ul class=\"blocks-gallery-grid\"><li class=\"blocks-gallery-item\"><figure><img decoding=\"async\" width=\"229\" height=\"274\" src=\"https:\/\/projetopack.com.br\/wp-content\/uploads\/2021\/03\/sun-photo2-2-1.jpg\" alt=\"\" data-id=\"9980\" data-full-url=\"https:\/\/projetopack.com.br\/wp-content\/uploads\/2021\/03\/sun-photo2-2-1.jpg\" data-link=\"https:\/\/projetopack.com.br\/quem-foi-karel-klietsch\/sun-photo2-2-1\/\" class=\"wp-image-9980\" srcset=\"https:\/\/projetopack.com.br\/wp-content\/uploads\/2021\/03\/sun-photo2-2-1.jpg 229w, https:\/\/projetopack.com.br\/wp-content\/uploads\/2021\/03\/sun-photo2-2-1-768x918.jpg 768w, https:\/\/projetopack.com.br\/wp-content\/uploads\/2021\/03\/sun-photo2-2-1-600x717.jpg 600w\" sizes=\"(max-width: 229px) 100vw, 229px\" \/><\/figure><\/li><\/ul><\/figure>\n\n\n\n<p>Karel continuou refinando seu sistema at\u00e9 o ano de sua morte, em 1926.<\/p>\n\n\n\n<p><strong>Leia mais em nosso site:<\/strong><br><a href=\"https:\/\/projetopack.com.br\/rossini-reinventa-a-rotogravura-com-cilindros-de-plastico\/\">Rossini reinventa a rotogravura com cilindros de pl\u00e1stico<\/a><\/p>","protected":false},"excerpt":{"rendered":"<p>Saiba um pouco sobre o surgimento da rotogravura moderna<\/p>","protected":false},"author":18,"featured_media":9974,"comment_status":"open","ping_status":"closed","sticky":false,"template":"","format":"standard","meta":{"footnotes":""},"categories":[643,1],"tags":[161,639,642,641,389],"class_list":["post-9969","post","type-post","status-publish","format-standard","has-post-thumbnail","hentry","category-historia","category-outros","tag-grafica","tag-historia-da-impressao","tag-karel-klietsch","tag-karl-klic","tag-rotogravura"],"yoast_head":"<!-- This site is optimized with the Yoast SEO Premium plugin v27.1 (Yoast SEO v27.1.1) - https:\/\/yoast.com\/product\/yoast-seo-premium-wordpress\/ -->\n<title>Quem foi Karel Klietsch? - ProjetoPack<\/title>\n<meta name=\"description\" content=\"A inven\u00e7\u00e3o da rotogravura moderna \u00e9 atribu\u00edda a este senhor, Karel Klietsch, nascido em Arnau, na Bo\u00eamia em 31 de mar\u00e7o de 1841.\" \/>\n<meta name=\"robots\" content=\"index, follow, max-snippet:-1, max-image-preview:large, max-video-preview:-1\" \/>\n<link rel=\"canonical\" href=\"https:\/\/projetopack.com.br\/en\/quem-foi-karel-klietsch\/\" \/>\n<meta property=\"og:locale\" content=\"en_US\" \/>\n<meta property=\"og:type\" content=\"article\" \/>\n<meta property=\"og:title\" content=\"Quem foi Karel Klietsch?\" \/>\n<meta property=\"og:description\" content=\"A inven\u00e7\u00e3o da rotogravura moderna \u00e9 atribu\u00edda a este senhor, Karel Klietsch, nascido em Arnau, na Bo\u00eamia em 31 de mar\u00e7o de 1841.\" \/>\n<meta property=\"og:url\" content=\"https:\/\/projetopack.com.br\/en\/quem-foi-karel-klietsch\/\" \/>\n<meta property=\"og:site_name\" content=\"ProjetoPack\" \/>\n<meta property=\"article:published_time\" content=\"2021-03-16T12:58:32+00:00\" \/>\n<meta property=\"article:modified_time\" content=\"2021-04-27T04:41:38+00:00\" \/>\n<meta property=\"og:image\" content=\"https:\/\/projetopack.com.br\/wp-content\/uploads\/2021\/03\/4e213223b278daf2fd4df7c124163f56.jpg\" \/>\n\t<meta property=\"og:image:width\" content=\"826\" \/>\n\t<meta property=\"og:image:height\" content=\"1138\" \/>\n\t<meta property=\"og:image:type\" content=\"image\/jpeg\" \/>\n<meta name=\"author\" content=\"Andrea\" \/>\n<meta name=\"twitter:card\" content=\"summary_large_image\" \/>\n<meta name=\"twitter:creator\" content=\"@ProjetoPack\" \/>\n<meta name=\"twitter:site\" content=\"@ProjetoPack\" \/>\n<meta name=\"twitter:label1\" content=\"Written by\" \/>\n\t<meta name=\"twitter:data1\" content=\"Andrea\" \/>\n\t<meta name=\"twitter:label2\" content=\"Est. reading time\" \/>\n\t<meta name=\"twitter:data2\" content=\"2 minutes\" \/>\n<script type=\"application\/ld+json\" class=\"yoast-schema-graph\">{\"@context\":\"https:\/\/schema.org\",\"@graph\":[{\"@type\":\"Article\",\"@id\":\"https:\/\/projetopack.com.br\/en\/quem-foi-karel-klietsch\/#article\",\"isPartOf\":{\"@id\":\"https:\/\/projetopack.com.br\/en\/quem-foi-karel-klietsch\/\"},\"author\":{\"name\":\"Andrea\",\"@id\":\"https:\/\/projetopack.com.br\/#\/schema\/person\/d17c72a4bc2b7e461496dd8a14d4cef1\"},\"headline\":\"Quem foi Karel Klietsch?\",\"datePublished\":\"2021-03-16T12:58:32+00:00\",\"dateModified\":\"2021-04-27T04:41:38+00:00\",\"mainEntityOfPage\":{\"@id\":\"https:\/\/projetopack.com.br\/en\/quem-foi-karel-klietsch\/\"},\"wordCount\":298,\"commentCount\":0,\"publisher\":{\"@id\":\"https:\/\/projetopack.com.br\/#organization\"},\"image\":{\"@id\":\"https:\/\/projetopack.com.br\/en\/quem-foi-karel-klietsch\/#primaryimage\"},\"thumbnailUrl\":\"https:\/\/projetopack.com.br\/wp-content\/uploads\/2021\/03\/4e213223b278daf2fd4df7c124163f56.jpg\",\"keywords\":[\"gr\u00e1fica\",\"hist\u00f3ria da impress\u00e3o\",\"karel klietsch\",\"karl klic\",\"rotogravura\"],\"articleSection\":[\"Hist\u00f3ria\",\"Outros\"],\"inLanguage\":\"en-US\",\"potentialAction\":[{\"@type\":\"CommentAction\",\"name\":\"Comment\",\"target\":[\"https:\/\/projetopack.com.br\/en\/quem-foi-karel-klietsch\/#respond\"]}]},{\"@type\":\"WebPage\",\"@id\":\"https:\/\/projetopack.com.br\/en\/quem-foi-karel-klietsch\/\",\"url\":\"https:\/\/projetopack.com.br\/en\/quem-foi-karel-klietsch\/\",\"name\":\"Quem foi Karel Klietsch? - ProjetoPack\",\"isPartOf\":{\"@id\":\"https:\/\/projetopack.com.br\/#website\"},\"primaryImageOfPage\":{\"@id\":\"https:\/\/projetopack.com.br\/en\/quem-foi-karel-klietsch\/#primaryimage\"},\"image\":{\"@id\":\"https:\/\/projetopack.com.br\/en\/quem-foi-karel-klietsch\/#primaryimage\"},\"thumbnailUrl\":\"https:\/\/projetopack.com.br\/wp-content\/uploads\/2021\/03\/4e213223b278daf2fd4df7c124163f56.jpg\",\"datePublished\":\"2021-03-16T12:58:32+00:00\",\"dateModified\":\"2021-04-27T04:41:38+00:00\",\"description\":\"A inven\u00e7\u00e3o da rotogravura moderna \u00e9 atribu\u00edda a este senhor, Karel Klietsch, nascido em Arnau, na Bo\u00eamia em 31 de mar\u00e7o de 1841.\",\"breadcrumb\":{\"@id\":\"https:\/\/projetopack.com.br\/en\/quem-foi-karel-klietsch\/#breadcrumb\"},\"inLanguage\":\"en-US\",\"potentialAction\":[{\"@type\":\"ReadAction\",\"target\":[\"https:\/\/projetopack.com.br\/en\/quem-foi-karel-klietsch\/\"]}]},{\"@type\":\"ImageObject\",\"inLanguage\":\"en-US\",\"@id\":\"https:\/\/projetopack.com.br\/en\/quem-foi-karel-klietsch\/#primaryimage\",\"url\":\"https:\/\/projetopack.com.br\/wp-content\/uploads\/2021\/03\/4e213223b278daf2fd4df7c124163f56.jpg\",\"contentUrl\":\"https:\/\/projetopack.com.br\/wp-content\/uploads\/2021\/03\/4e213223b278daf2fd4df7c124163f56.jpg\",\"width\":826,\"height\":1138},{\"@type\":\"BreadcrumbList\",\"@id\":\"https:\/\/projetopack.com.br\/en\/quem-foi-karel-klietsch\/#breadcrumb\",\"itemListElement\":[{\"@type\":\"ListItem\",\"position\":1,\"name\":\"P\u00e1gina Inicial\",\"item\":\"https:\/\/projetopack.com.br\/\"},{\"@type\":\"ListItem\",\"position\":2,\"name\":\"Outros\",\"item\":\"https:\/\/projetopack.com.br\/category\/outros\/\"},{\"@type\":\"ListItem\",\"position\":3,\"name\":\"Quem foi Karel Klietsch?\"}]},{\"@type\":\"WebSite\",\"@id\":\"https:\/\/projetopack.com.br\/#website\",\"url\":\"https:\/\/projetopack.com.br\/\",\"name\":\"ProjetoPack\",\"description\":\"Consultoria e servi\u00e7os para embalagens, r\u00f3tulos, etiquetas e processos de impress\u00e3o\",\"publisher\":{\"@id\":\"https:\/\/projetopack.com.br\/#organization\"},\"potentialAction\":[{\"@type\":\"SearchAction\",\"target\":{\"@type\":\"EntryPoint\",\"urlTemplate\":\"https:\/\/projetopack.com.br\/?s={search_term_string}\"},\"query-input\":{\"@type\":\"PropertyValueSpecification\",\"valueRequired\":true,\"valueName\":\"search_term_string\"}}],\"inLanguage\":\"en-US\"},{\"@type\":\"Organization\",\"@id\":\"https:\/\/projetopack.com.br\/#organization\",\"name\":\"ProjetoPack & Associados\",\"url\":\"https:\/\/projetopack.com.br\/\",\"logo\":{\"@type\":\"ImageObject\",\"inLanguage\":\"en-US\",\"@id\":\"https:\/\/projetopack.com.br\/#\/schema\/logo\/image\/\",\"url\":\"https:\/\/projetopack.com.br\/wp-content\/uploads\/2020\/09\/projetopack.png\",\"contentUrl\":\"https:\/\/projetopack.com.br\/wp-content\/uploads\/2020\/09\/projetopack.png\",\"width\":200,\"height\":200,\"caption\":\"ProjetoPack & Associados\"},\"image\":{\"@id\":\"https:\/\/projetopack.com.br\/#\/schema\/logo\/image\/\"},\"sameAs\":[\"https:\/\/x.com\/ProjetoPack\",\"https:\/\/www.linkedin.com\/company\/projetopack\/\"]},{\"@type\":\"Person\",\"@id\":\"https:\/\/projetopack.com.br\/#\/schema\/person\/d17c72a4bc2b7e461496dd8a14d4cef1\",\"name\":\"Andrea\",\"image\":{\"@type\":\"ImageObject\",\"inLanguage\":\"en-US\",\"@id\":\"https:\/\/projetopack.com.br\/#\/schema\/person\/image\/\",\"url\":\"https:\/\/projetopack.com.br\/wp-content\/uploads\/2026\/03\/eu-150x150.jpg\",\"contentUrl\":\"https:\/\/projetopack.com.br\/wp-content\/uploads\/2026\/03\/eu-150x150.jpg\",\"caption\":\"Andrea\"},\"url\":\"https:\/\/projetopack.com.br\/en\/author\/andrea\/\"}]}<\/script>\n<!-- \/ Yoast SEO Premium plugin. -->","yoast_head_json":{"title":"Quem foi Karel Klietsch? - ProjetoPack","description":"A inven\u00e7\u00e3o da rotogravura moderna \u00e9 atribu\u00edda a este senhor, Karel Klietsch, nascido em Arnau, na Bo\u00eamia em 31 de mar\u00e7o de 1841.","robots":{"index":"index","follow":"follow","max-snippet":"max-snippet:-1","max-image-preview":"max-image-preview:large","max-video-preview":"max-video-preview:-1"},"canonical":"https:\/\/projetopack.com.br\/en\/quem-foi-karel-klietsch\/","og_locale":"en_US","og_type":"article","og_title":"Quem foi Karel Klietsch?","og_description":"A inven\u00e7\u00e3o da rotogravura moderna \u00e9 atribu\u00edda a este senhor, Karel Klietsch, nascido em Arnau, na Bo\u00eamia em 31 de mar\u00e7o de 1841.","og_url":"https:\/\/projetopack.com.br\/en\/quem-foi-karel-klietsch\/","og_site_name":"ProjetoPack","article_published_time":"2021-03-16T12:58:32+00:00","article_modified_time":"2021-04-27T04:41:38+00:00","og_image":[{"width":826,"height":1138,"url":"https:\/\/projetopack.com.br\/wp-content\/uploads\/2021\/03\/4e213223b278daf2fd4df7c124163f56.jpg","type":"image\/jpeg"}],"author":"Andrea","twitter_card":"summary_large_image","twitter_creator":"@ProjetoPack","twitter_site":"@ProjetoPack","twitter_misc":{"Written by":"Andrea","Est. reading time":"2 minutes"},"schema":{"@context":"https:\/\/schema.org","@graph":[{"@type":"Article","@id":"https:\/\/projetopack.com.br\/en\/quem-foi-karel-klietsch\/#article","isPartOf":{"@id":"https:\/\/projetopack.com.br\/en\/quem-foi-karel-klietsch\/"},"author":{"name":"Andrea","@id":"https:\/\/projetopack.com.br\/#\/schema\/person\/d17c72a4bc2b7e461496dd8a14d4cef1"},"headline":"Quem foi Karel Klietsch?","datePublished":"2021-03-16T12:58:32+00:00","dateModified":"2021-04-27T04:41:38+00:00","mainEntityOfPage":{"@id":"https:\/\/projetopack.com.br\/en\/quem-foi-karel-klietsch\/"},"wordCount":298,"commentCount":0,"publisher":{"@id":"https:\/\/projetopack.com.br\/#organization"},"image":{"@id":"https:\/\/projetopack.com.br\/en\/quem-foi-karel-klietsch\/#primaryimage"},"thumbnailUrl":"https:\/\/projetopack.com.br\/wp-content\/uploads\/2021\/03\/4e213223b278daf2fd4df7c124163f56.jpg","keywords":["gr\u00e1fica","hist\u00f3ria da impress\u00e3o","karel klietsch","karl klic","rotogravura"],"articleSection":["Hist\u00f3ria","Outros"],"inLanguage":"en-US","potentialAction":[{"@type":"CommentAction","name":"Comment","target":["https:\/\/projetopack.com.br\/en\/quem-foi-karel-klietsch\/#respond"]}]},{"@type":"WebPage","@id":"https:\/\/projetopack.com.br\/en\/quem-foi-karel-klietsch\/","url":"https:\/\/projetopack.com.br\/en\/quem-foi-karel-klietsch\/","name":"Quem foi Karel Klietsch? - ProjetoPack","isPartOf":{"@id":"https:\/\/projetopack.com.br\/#website"},"primaryImageOfPage":{"@id":"https:\/\/projetopack.com.br\/en\/quem-foi-karel-klietsch\/#primaryimage"},"image":{"@id":"https:\/\/projetopack.com.br\/en\/quem-foi-karel-klietsch\/#primaryimage"},"thumbnailUrl":"https:\/\/projetopack.com.br\/wp-content\/uploads\/2021\/03\/4e213223b278daf2fd4df7c124163f56.jpg","datePublished":"2021-03-16T12:58:32+00:00","dateModified":"2021-04-27T04:41:38+00:00","description":"A inven\u00e7\u00e3o da rotogravura moderna \u00e9 atribu\u00edda a este senhor, Karel Klietsch, nascido em Arnau, na Bo\u00eamia em 31 de mar\u00e7o de 1841.","breadcrumb":{"@id":"https:\/\/projetopack.com.br\/en\/quem-foi-karel-klietsch\/#breadcrumb"},"inLanguage":"en-US","potentialAction":[{"@type":"ReadAction","target":["https:\/\/projetopack.com.br\/en\/quem-foi-karel-klietsch\/"]}]},{"@type":"ImageObject","inLanguage":"en-US","@id":"https:\/\/projetopack.com.br\/en\/quem-foi-karel-klietsch\/#primaryimage","url":"https:\/\/projetopack.com.br\/wp-content\/uploads\/2021\/03\/4e213223b278daf2fd4df7c124163f56.jpg","contentUrl":"https:\/\/projetopack.com.br\/wp-content\/uploads\/2021\/03\/4e213223b278daf2fd4df7c124163f56.jpg","width":826,"height":1138},{"@type":"BreadcrumbList","@id":"https:\/\/projetopack.com.br\/en\/quem-foi-karel-klietsch\/#breadcrumb","itemListElement":[{"@type":"ListItem","position":1,"name":"P\u00e1gina Inicial","item":"https:\/\/projetopack.com.br\/"},{"@type":"ListItem","position":2,"name":"Outros","item":"https:\/\/projetopack.com.br\/category\/outros\/"},{"@type":"ListItem","position":3,"name":"Quem foi Karel Klietsch?"}]},{"@type":"WebSite","@id":"https:\/\/projetopack.com.br\/#website","url":"https:\/\/projetopack.com.br\/","name":"ProjetoPack","description":"Consultoria e servi\u00e7os para embalagens, r\u00f3tulos, etiquetas e processos de impress\u00e3o","publisher":{"@id":"https:\/\/projetopack.com.br\/#organization"},"potentialAction":[{"@type":"SearchAction","target":{"@type":"EntryPoint","urlTemplate":"https:\/\/projetopack.com.br\/?s={search_term_string}"},"query-input":{"@type":"PropertyValueSpecification","valueRequired":true,"valueName":"search_term_string"}}],"inLanguage":"en-US"},{"@type":"Organization","@id":"https:\/\/projetopack.com.br\/#organization","name":"ProjetoPack & Associados","url":"https:\/\/projetopack.com.br\/","logo":{"@type":"ImageObject","inLanguage":"en-US","@id":"https:\/\/projetopack.com.br\/#\/schema\/logo\/image\/","url":"https:\/\/projetopack.com.br\/wp-content\/uploads\/2020\/09\/projetopack.png","contentUrl":"https:\/\/projetopack.com.br\/wp-content\/uploads\/2020\/09\/projetopack.png","width":200,"height":200,"caption":"ProjetoPack & Associados"},"image":{"@id":"https:\/\/projetopack.com.br\/#\/schema\/logo\/image\/"},"sameAs":["https:\/\/x.com\/ProjetoPack","https:\/\/www.linkedin.com\/company\/projetopack\/"]},{"@type":"Person","@id":"https:\/\/projetopack.com.br\/#\/schema\/person\/d17c72a4bc2b7e461496dd8a14d4cef1","name":"Andrea","image":{"@type":"ImageObject","inLanguage":"en-US","@id":"https:\/\/projetopack.com.br\/#\/schema\/person\/image\/","url":"https:\/\/projetopack.com.br\/wp-content\/uploads\/2026\/03\/eu-150x150.jpg","contentUrl":"https:\/\/projetopack.com.br\/wp-content\/uploads\/2026\/03\/eu-150x150.jpg","caption":"Andrea"},"url":"https:\/\/projetopack.com.br\/en\/author\/andrea\/"}]}},"_links":{"self":[{"href":"https:\/\/projetopack.com.br\/en\/wp-json\/wp\/v2\/posts\/9969","targetHints":{"allow":["GET"]}}],"collection":[{"href":"https:\/\/projetopack.com.br\/en\/wp-json\/wp\/v2\/posts"}],"about":[{"href":"https:\/\/projetopack.com.br\/en\/wp-json\/wp\/v2\/types\/post"}],"author":[{"embeddable":true,"href":"https:\/\/projetopack.com.br\/en\/wp-json\/wp\/v2\/users\/18"}],"replies":[{"embeddable":true,"href":"https:\/\/projetopack.com.br\/en\/wp-json\/wp\/v2\/comments?post=9969"}],"version-history":[{"count":0,"href":"https:\/\/projetopack.com.br\/en\/wp-json\/wp\/v2\/posts\/9969\/revisions"}],"wp:featuredmedia":[{"embeddable":true,"href":"https:\/\/projetopack.com.br\/en\/wp-json\/wp\/v2\/media\/9974"}],"wp:attachment":[{"href":"https:\/\/projetopack.com.br\/en\/wp-json\/wp\/v2\/media?parent=9969"}],"wp:term":[{"taxonomy":"category","embeddable":true,"href":"https:\/\/projetopack.com.br\/en\/wp-json\/wp\/v2\/categories?post=9969"},{"taxonomy":"post_tag","embeddable":true,"href":"https:\/\/projetopack.com.br\/en\/wp-json\/wp\/v2\/tags?post=9969"}],"curies":[{"name":"wp","href":"https:\/\/api.w.org\/{rel}","templated":true}]}}